{"id":42984,"date":"2020-05-01T08:23:02","date_gmt":"2020-05-01T06:23:02","guid":{"rendered":"https:\/\/www.messinaoggi.it\/website\/?p=42984"},"modified":"2020-05-01T08:23:02","modified_gmt":"2020-05-01T06:23:02","slug":"messina-oggi-si-affida-alla-beata-vergine-maria","status":"publish","type":"post","link":"https:\/\/www.messinaoggi.it\/website\/2020\/05\/01\/messina-oggi-si-affida-alla-beata-vergine-maria\/","title":{"rendered":"Messina si affida alla Beata Vergine Maria"},"content":{"rendered":"<p>Oggi, alle 11.30, alla Passeggiata a Mare, nei pressi della Marina del Nettuno, alla presenza del Prefetto di Messina Maria Carmela Librizzi, del Sindaco della Citt\u00e0 Metropolitana di Messina Cateno De Luca e del Vice Sindaco della Citt\u00e0 di Messina Salvatore Mondello, l&#8217;Arcivescovo metropolita di Messina, Lipari e Santa Lucia del Mela Mons.<br \/>\nGiovanni Accolla promuover\u00e0 un momento di preghiera. Nel corso dell&#8217;evento, nato da un&#8217;iniziativa dell&#8217;Arcivescovo di Messina Mons. Giovanni Accolla, prontamente condivisa dal Vice Sindaco Salvatore Mondello, si proceder\u00e0 all&#8217;atto di affidamento della Citt\u00e0 di Messina alla Beata Vergine Maria.<div id=\"div-gpt-ad-Messinaoggi.it-DSK-300x250-corpoart\" style=\"text-align:center;margin:0 auto;\"><\/div><\/p>\n<p class=\"s13\"><span class=\"s12\"><span class=\"bumpedFont15\">Nel messaggio ai fedeli del 25 aprile, papa Francesco ricordava che \u00abcontemplare insieme il volto di Cristo con il cuore di Maria, nostra Madre, ci render\u00e0 ancora pi\u00f9 uniti come famiglia spirituale e ci aiuter\u00e0 a superare questa prova\u00bb.<\/span><\/span><div id=\"videoincontent\" style=\"clear:both\";><\/div><\/p>\n<p class=\"s13\"><span class=\"s12\"><span class=\"bumpedFont15\">Raccogliendo quest\u2019invito, <\/span><\/span><span class=\"s14\"><span class=\"bumpedFont15\">oggi <\/span><\/span><span class=\"s14\"><span class=\"bumpedFont15\">1\u00b0 maggio<\/span><\/span><span class=\"s12\"><span class=\"bumpedFont15\">, <\/span><\/span><span class=\"s12\"><span class=\"bumpedFont15\">memoria di S. Giuseppe Artigiano e inizio del mese mariano,<\/span><\/span><span class=\"s12\"><span class=\"bumpedFont15\"> l\u2019<\/span><\/span><span class=\"s14\"><span class=\"bumpedFont15\">arcivescovo Giovanni Accolla<\/span><\/span><span class=\"s12\"><span class=\"bumpedFont15\"> invocher\u00e0 l\u2019intercessione della Madonna della Lettera, protettrice della citt\u00e0 di Messina e dell\u2019arcidiocesi, in comunione con tutta la Chiesa italiana che, <\/span><\/span><span class=\"s12\"><span class=\"bumpedFont15\">questa sera<\/span><\/span><span class=\"s12\"><span class=\"bumpedFont15\">, compir\u00e0 l\u2019atto di affidamento dell\u2019Italia a Maria. Alla preghiera parteciperanno anche il <\/span><\/span><span class=\"s14\"><span class=\"bumpedFont15\">prefetto di Messina Maria Carmela Librizzi <\/span><\/span><span class=\"s12\"><span class=\"bumpedFont15\">e il <\/span><\/span><span class=\"s14\"><span class=\"bumpedFont15\">sindaco Cateno De Luca<\/span><\/span><span class=\"s12\"><span class=\"bumpedFont15\">.<\/span><\/span><\/p>\n<p class=\"s13\"><span class=\"s12\"><span class=\"bumpedFont15\">Con tale gesto si vuole esprimere solidale collaborazione e comune senso di responsabilit\u00e0 alla vigilia della cosiddetta \u201cfase due\u201d dell\u2019emergenza Covid-19, per il bene dei fedeli e dei cittadini che, dalla Chiesa e dalle istituzioni, attendono vicinanza e incoraggiamento.<\/span><\/span><\/p>\n<p class=\"s13\"><span class=\"s12\"><span class=\"bumpedFont15\">Il breve momento di preghiera avr\u00e0 inizio alle <\/span><\/span><span class=\"s14\"><span class=\"bumpedFont15\">ore 11.30 <\/span><\/span><span class=\"s12\"><span class=\"bumpedFont15\">in <\/span><\/span><span class=\"s14\"><span class=\"bumpedFont15\">piazza Unit\u00e0 d\u2019Italia<\/span><\/span><span class=\"s12\"><span class=\"bumpedFont15\"> e sar\u00e0 trasmesso sui media diocesani e <\/span><\/span><span class=\"s12\"><span class=\"bumpedFont15\">dalle emittenti<\/span><\/span><span class=\"s12\"><span class=\"bumpedFont15\"> RTP<\/span><\/span><span class=\"s12\"><span class=\"bumpedFont15\"> e TCF<\/span><\/span><span class=\"s12\"><span class=\"bumpedFont15\">, considerato che non sar\u00e0 possibile alcuna forma di assembramento in osservanza delle disposizioni in vigore<\/span><\/span><span class=\"s12\"><span class=\"bumpedFont15\">. Dopo la lettura del brano del Vangelo, l\u2019arcivescovo condivider\u00e0 una breve riflessione, alla quale seguiranno l\u2019atto di affidamento, compiuto dal sindaco, e un <\/span><\/span><span class=\"s12\"><span class=\"bumpedFont15\">pensiero augurale<\/span><\/span><span class=\"s12\"><span class=\"bumpedFont15\"> da parte del prefetto. La benedizione dell\u2019arcivescovo, il canto del <\/span><\/span><span class=\"s15\"><span class=\"bumpedFont15\">Regina <\/span><\/span><span class=\"s15\"><span class=\"bumpedFont15\">coeli<\/span><\/span><span class=\"s12\"><span class=\"bumpedFont15\"> e il suono delle sirene delle imbarcazioni dello Stretto concluderanno la preghiera.<\/span><\/span><\/p>\n","protected":false},"excerpt":{"rendered":"<p>Oggi, alle 11.30, alla Passeggiata a Mare, nei pressi della Marina del Nettuno, alla presenza del Prefetto di Messina Maria Carmela Librizzi, del Sindaco della Citt\u00e0 Metropolitana di Messina Cateno De Luca e del Vice Sindaco della Citt\u00e0 di Messina Salvatore Mondello, l&#8217;Arcivescovo metropolita di Messina, Lipari e Santa Lucia del Mela Mons. Giovanni Accolla [&hellip;]<\/p>\n","protected":false},"author":2,"featured_media":3134,"comment_status":"closed","ping_status":"closed","sticky":false,"template":"","format":"standard","meta":{"ub_ctt_via":"","_mi_skip_tracking":false},"categories":[19],"tags":[],"featured_image_src":"https:\/\/www.messinaoggi.it\/website\/wp-content\/uploads\/2017\/06\/Messina-madonnina-del-porto-1-2.jpg","author_info":{"display_name":"Redazione","author_link":"https:\/\/www.messinaoggi.it\/website\/author\/redazione\/"},"digistream_id":0,"digistream":false,"_links":{"self":[{"href":"https:\/\/www.messinaoggi.it\/website\/wp-json\/wp\/v2\/posts\/42984"}],"collection":[{"href":"https:\/\/www.messinaoggi.it\/website\/wp-json\/wp\/v2\/posts"}],"about":[{"href":"https:\/\/www.messinaoggi.it\/website\/wp-json\/wp\/v2\/types\/post"}],"author":[{"embeddable":true,"href":"https:\/\/www.messinaoggi.it\/website\/wp-json\/wp\/v2\/users\/2"}],"replies":[{"embeddable":true,"href":"https:\/\/www.messinaoggi.it\/website\/wp-json\/wp\/v2\/comments?post=42984"}],"version-history":[{"count":0,"href":"https:\/\/www.messinaoggi.it\/website\/wp-json\/wp\/v2\/posts\/42984\/revisions"}],"wp:featuredmedia":[{"embeddable":true,"href":"https:\/\/www.messinaoggi.it\/website\/wp-json\/wp\/v2\/media\/3134"}],"wp:attachment":[{"href":"https:\/\/www.messinaoggi.it\/website\/wp-json\/wp\/v2\/media?parent=42984"}],"wp:term":[{"taxonomy":"category","embeddable":true,"href":"https:\/\/www.messinaoggi.it\/website\/wp-json\/wp\/v2\/categories?post=42984"},{"taxonomy":"post_tag","embeddable":true,"href":"https:\/\/www.messinaoggi.it\/website\/wp-json\/wp\/v2\/tags?post=42984"}],"curies":[{"name":"wp","href":"https:\/\/api.w.org\/{rel}","templated":true}]}}