{"id":42978,"date":"2020-05-01T06:00:54","date_gmt":"2020-05-01T04:00:54","guid":{"rendered":"https:\/\/www.messinaoggi.it\/website\/?p=42978"},"modified":"2020-05-01T06:00:54","modified_gmt":"2020-05-01T04:00:54","slug":"ido-con-voi-servizio-di-supporto-per-famiglie-di-minori-con-disagio","status":"publish","type":"post","link":"https:\/\/www.messinaoggi.it\/website\/2020\/05\/01\/ido-con-voi-servizio-di-supporto-per-famiglie-di-minori-con-disagio\/","title":{"rendered":"\u201cIDO con voi\u201d, servizio di supporto per famiglie di minori con disagio"},"content":{"rendered":"<p> <div id=\"div-gpt-ad-Messinaoggi.it-DSK-300x250-corpoart\" style=\"text-align:center;margin:0 auto;\"><\/div><\/p>\n<table>\n<tbody>\n<tr>\n<td width=\"175\"><\/td>\n<td width=\"402\"><\/td>\n<\/tr>\n<\/tbody>\n<\/table>\n<p>(DIRE) &#8211; ROMA 1 maggio 2020 &#8211; L&#8217;Istituto di Ortofonologia ha sviluppato all&#8217;interno di una pi\u00f9 ampia cornice progettuale del Ministero dell&#8217;Istruzione, in collaborazione con la Societ\u00e0 italiana di pediatria, il progetto \u201cIdO con Voi\u201d, un servizio gratuito di supporto, rivolto principalmente alle famiglie di minori in condizioni di disagio e\/o disabilit\u00e0, attivo 7 giorni su 7.<br \/>\nIl genitore interessato potr\u00e0 contattarlo tramite email o messaggi telefonici (sms e whatsapp), ma a chiedere aiuto sono stati anche tanti insegnanti ed educatori. Da una settimana il servizio dell&#8217;IdO si \u00e8 arricchito di una importante novit\u00e0: &#8220;dall&#8217;esperienza di oltre un mese di &#8216;Ido con Voi&#8217; e dal confronto costante tra gli operatori coinvolti- racconta Elena Vanadia, neuropsichiatra infantile dell&#8217;IdO- \u00e8 nata l&#8217;idea dello spazio in videoconferenza &#8216;Esperti e famiglie&#8217;, rivolto a gruppi di genitori e operatori per l&#8217;infanzia che condividono uno stesso argomento di interesse e necessit\u00e0&#8221;.<br \/>\nIn totale sono sei gli spazi messi a disposizione e focalizzati su aree tematiche differenti: la gestione della rabbia e dell&#8217;aggressivit\u00e0; la gestione delle emozioni nella fascia d&#8217;et\u00e0 0-6; la difficile esperienza genitoriale in tempo di pandemia; le difficolt\u00e0 di apprendimento; i disturbi dello spettro autistico; le famiglie adottive; infine, le famiglie di bambini e ragazzi con plusdotazione intellettiva. &#8220;Sono spazi di ascolto attivo, di incontro e confronto, e anche di risignificazione- spiega la neuropsichiatra- spazi di aiuto reciproco da parte di esperti che in co-conduzione portano avanti ciascun gruppo per tre incontri&#8221;.<br \/>\nAlla luce della tradizione e dell&#8217;esperienza dell&#8217;IdO con le attivit\u00e0 gruppali e con le situazioni di emergenza, &#8220;abbiamo voluto attualizzare e innovare la proposta di supporto- chiarisce Vanadia- per rispondere alla situazione contingente che ci obbliga a ripensare l&#8217;assistenza e la riabilitazione, investendo sulle risorse umane e relazionali familiari&#8221;. L&#8217;IdO mette a disposizione degli italiani una equipe multiprofessionale, per garantire un&#8217;assistenza globale che avviene a distanza e nel rispetto dei percorsi eventualmente gi\u00e0 intrapresi, nonch\u00e9 delle situazioni specifiche.<br \/>\n&#8220;Nell&#8217;emergenza ci sono azioni che vanno attivate tempestivamente secondo protocolli preesistenti, come ci insegnano i colleghi dei reparti di emergenza-urgenza, rianimazione e le istituzioni come la protezione civile; poi ce ne sono altre che devono essere pensate e pianificate solo in rapporto all&#8217;analisi del bisogno specifico. A queste bisogna rispondere con seriet\u00e0, rigore e dinamicit\u00e0, sempre nel pieno rispetto dell&#8217;individualit\u00e0 e della complessit\u00e0, che oggi riguarda l&#8217;esperienza nuova e per molti aspetti drammatica dei bambini, dei ragazzi e dei loro genitori&#8221;.<br \/>\nVanadia segue il gruppo per la gestione delle emozioni 0-6. &#8220;\u00c8 composto da due coppie di genitori, una mamma, un&#8217;insegnante di sostegno, un&#8217;educatrice di nido e una pedagogista. \u00c8 condotto da un neuropsichiatra e una logopedista con particolare esperienza in questa fascia d&#8217;et\u00e0. Il primo incontro \u00e8 stato chiaramente un primo momento di conoscenza, ma gi\u00e0 subito anche di condivisione e confronto. Da prospettive differenti \u00e8 stato possibile osservare la sfera emozionale dell&#8217;infanzia- racconta la neuropsichiatra infantile dell&#8217;idO- ed \u00e8 stato interessante il movimento che si \u00e8 creato, che ha portato le mamme a sentirsi unite nella difficolt\u00e0 e, quindi, non sole in un periodo che impone isolamento e solitudine. i genitori si sono confrontati con gli educatori e viceversa- continua Vanadia- per capire ciascuno le difficolt\u00e0 e le esigenze e le proposte reciproche. Tutti noi siamo stati portati ad arricchire quello spazio personale, peripersonale e sociale dentro cui, se non diamo residenza alle esperienze personali che stiamo vivendo- conclude- sar\u00e0 difficile svolgere in modo costruttivo il proprio ruolo e rimanere quello stabile punto di riferimento di cui i pi\u00f9 piccoli hanno bisogno, ora pi\u00f9 che mai&#8221;. Per partecipare al nuovo servizio \u2018Esperti e famiglie\u2019 basta mandare un\u2019email a <a href=\"mailto:riabilitazioneminori@ortofonologia.it\">riabilitazioneminori@ortofonologia.it<\/a> con i propri dati.<div id=\"videoincontent\" style=\"clear:both\";><\/div><\/p>\n","protected":false},"excerpt":{"rendered":"<p>(DIRE) &#8211; ROMA 1 maggio 2020 &#8211; L&#8217;Istituto di Ortofonologia ha sviluppato all&#8217;interno di una pi\u00f9 ampia cornice progettuale del Ministero dell&#8217;Istruzione, in collaborazione con la Societ\u00e0 italiana di pediatria, il progetto \u201cIdO con Voi\u201d, un servizio gratuito di supporto, rivolto principalmente alle famiglie di minori in condizioni di disagio e\/o disabilit\u00e0, attivo 7 giorni [&hellip;]<\/p>\n","protected":false},"author":2,"featured_media":42977,"comment_status":"closed","ping_status":"closed","sticky":false,"template":"","format":"standard","meta":{"ub_ctt_via":"","_mi_skip_tracking":false},"categories":[11],"tags":[],"featured_image_src":"https:\/\/www.messinaoggi.it\/website\/wp-content\/uploads\/2020\/04\/050A070E-B71F-43EF-8BB5-952373C0EAD7.jpeg","author_info":{"display_name":"Redazione","author_link":"https:\/\/www.messinaoggi.it\/website\/author\/redazione\/"},"digistream_id":0,"digistream":false,"_links":{"self":[{"href":"https:\/\/www.messinaoggi.it\/website\/wp-json\/wp\/v2\/posts\/42978"}],"collection":[{"href":"https:\/\/www.messinaoggi.it\/website\/wp-json\/wp\/v2\/posts"}],"about":[{"href":"https:\/\/www.messinaoggi.it\/website\/wp-json\/wp\/v2\/types\/post"}],"author":[{"embeddable":true,"href":"https:\/\/www.messinaoggi.it\/website\/wp-json\/wp\/v2\/users\/2"}],"replies":[{"embeddable":true,"href":"https:\/\/www.messinaoggi.it\/website\/wp-json\/wp\/v2\/comments?post=42978"}],"version-history":[{"count":0,"href":"https:\/\/www.messinaoggi.it\/website\/wp-json\/wp\/v2\/posts\/42978\/revisions"}],"wp:featuredmedia":[{"embeddable":true,"href":"https:\/\/www.messinaoggi.it\/website\/wp-json\/wp\/v2\/media\/42977"}],"wp:attachment":[{"href":"https:\/\/www.messinaoggi.it\/website\/wp-json\/wp\/v2\/media?parent=42978"}],"wp:term":[{"taxonomy":"category","embeddable":true,"href":"https:\/\/www.messinaoggi.it\/website\/wp-json\/wp\/v2\/categories?post=42978"},{"taxonomy":"post_tag","embeddable":true,"href":"https:\/\/www.messinaoggi.it\/website\/wp-json\/wp\/v2\/tags?post=42978"}],"curies":[{"name":"wp","href":"https:\/\/api.w.org\/{rel}","templated":true}]}}