{"id":42952,"date":"2020-04-30T11:22:00","date_gmt":"2020-04-30T09:22:00","guid":{"rendered":"https:\/\/www.messinaoggi.it\/website\/?p=42952"},"modified":"2020-04-30T11:22:00","modified_gmt":"2020-04-30T09:22:00","slug":"primo-maggio-e-covid-la-riflessione-della-uil-messina","status":"publish","type":"post","link":"https:\/\/www.messinaoggi.it\/website\/2020\/04\/30\/primo-maggio-e-covid-la-riflessione-della-uil-messina\/","title":{"rendered":"Primo maggio e covid: la riflessione della Uil Messina"},"content":{"rendered":"<p>Riportiamo qui di seguito una riflessione del segretario generale della Uil Messina, Ivan Tripodi, sull\u2019anomalo primo maggio che molti lavoratori dovranno trascorrere quest&#8217;anno: \u201cRipartire in assoluta sicurezza con la forza dirompente del lavoro e con il fondamentale valore aggiunto rappresentato dai lavoratori: in questa simbolica frase si pu\u00f2 riassumere la forte attualit\u00e0 del primo maggio di questo disgraziato 2020, anno orribile che sar\u00e0 drammaticamente ricordato per le migliaia di vittime causate da una pandemia tanto assurda quanto micidiale e per gli altrettanti innocenti martiri collaterali del Covid-19. Celebrare la festa dei lavoratori in modo virtuale e senza i tradizionali e colorati bagni di folla che, da sempre, hanno caratterizzato il primo maggio rappresenta un\u2019assoluta anomalia ed una forma di amputazione, certamente provvisoria, che rende ancora pi\u00f9 importante la necessit\u00e0 di una riflessione sull\u2019importanza non liturgica di questa giornata.<br \/>\n\u201cA Messina, porta del Mediterraneo, la situazione \u00e8 letteralmente tragica: la crisi e la disoccupazione, il lavoro nero e la mancanza di basilari e credibili progetti di sviluppo futuro rappresentavano, gi\u00e0 ben prima dell\u2019esplosione dell\u2019emergenza sanitaria, la crudissima realt\u00e0 che quotidianamente ci portava da un verso a lanciare disperati, quanto inascoltati, segnali di allarme e richieste d\u2019aiuto e dall\u2019altro a cercare di intervenire nelle molteplici vertenze per tentare di salvare i lavoratori dal rischio di mattanza sociale. Pertanto, oggi, con le macerie economico-sociali che si stanno metaforicamente accatastando sui bordi di tutte le strade, possiamo semplicemente affermare che la disperazione e la concreta paura di una crisi senza sbocchi sono i sentimenti che serpeggiano tra le vittime collaterali del Covid-19. Migliaia e migliaia di lavoratori della provincia di Messina, appartenenti a tutti i settori, che solo nel migliore dei casi potranno usufruire del beneficio della cassa integrazione e che rischiano di non avere un futuro occupazionale. Sono quasi 900 le aziende che dall\u2019inizio dell\u2019anno, come certificato dalla Camera di Commercio, hanno chiuso definitivamente. Numeri spaventosi di una mortalit\u00e0 aziendale che non pu\u00f2 essere considerata normale amministrazione o mero elemento contabile.<br \/>\n\u201cLe responsabilit\u00e0 sono chiare, precise ed enormi. A Messina assistiamo indignati ad un assurdo e ridicolo teatrino che vede il macchiettistico protagonismo negativo del sindaco De Luca, il quale vive in una patetica perenne campagna elettorale che lo porta a dimenticarsi del ruolo di vertice amministrativo e a cavalcare ogni istinto primordiale. Collateralmente, registriamo la totale assenza della politica e la siderale distanza dei governi e delle amministrazioni che, a tutti i livelli, dimostrano di essere tante cattive matrigne impegnate in una danza forsennata su un novello Titanic gi\u00e0 abbondantemente affondato. Insomma, un dramma nel dramma.<br \/>\n\u201cLa Uil ha deciso di dedicare il primo maggio al ricordo e alla memoria del povero ex lavoratore marittimo di Salina che, qualche giorno fa, in preda alla disperazione per la mancanza di prospettive ha deciso di togliersi la vita gettandosi a mare nel porto di Milazzo. Partendo da questo deferente omaggio, rivolgiamo un forte augurio a tutte le lavoratrici e a tutti i lavoratori e, nella ricorrenza di questa giornata, ribadiamo che il lavoro deve restare protagonista anche e soprattutto in occasione di questo primo maggio: perch\u00e9 il lavoro \u00e8 la leva fondamentale per restituire una prospettiva credibile al futuro del nostro Paese e per garantire la dignit\u00e0 di tutti i cittadini\u201d.<div id=\"div-gpt-ad-Messinaoggi.it-DSK-300x250-corpoart\" style=\"text-align:center;margin:0 auto;\"><\/div><\/p>\n<p style=\"text-align: right\"><strong>Ivan Tripodi<\/strong><div id=\"videoincontent\" style=\"clear:both\";><\/div><\/p>\n","protected":false},"excerpt":{"rendered":"<p>Riportiamo qui di seguito una riflessione del segretario generale della Uil Messina, Ivan Tripodi, sull\u2019anomalo primo maggio che molti lavoratori dovranno trascorrere quest&#8217;anno: \u201cRipartire in assoluta sicurezza con la forza dirompente del lavoro e con il fondamentale valore aggiunto rappresentato dai lavoratori: in questa simbolica frase si pu\u00f2 riassumere la forte attualit\u00e0 del primo maggio [&hellip;]<\/p>\n","protected":false},"author":8,"featured_media":8386,"comment_status":"closed","ping_status":"closed","sticky":false,"template":"","format":"standard","meta":{"ub_ctt_via":"","_mi_skip_tracking":false},"categories":[12],"tags":[],"featured_image_src":"https:\/\/www.messinaoggi.it\/website\/wp-content\/uploads\/2017\/09\/ivan-tripodi-uilRRP_8325-2.jpg","author_info":{"display_name":"red..me","author_link":"https:\/\/www.messinaoggi.it\/website\/author\/redstage\/"},"digistream_id":0,"digistream":false,"_links":{"self":[{"href":"https:\/\/www.messinaoggi.it\/website\/wp-json\/wp\/v2\/posts\/42952"}],"collection":[{"href":"https:\/\/www.messinaoggi.it\/website\/wp-json\/wp\/v2\/posts"}],"about":[{"href":"https:\/\/www.messinaoggi.it\/website\/wp-json\/wp\/v2\/types\/post"}],"author":[{"embeddable":true,"href":"https:\/\/www.messinaoggi.it\/website\/wp-json\/wp\/v2\/users\/8"}],"replies":[{"embeddable":true,"href":"https:\/\/www.messinaoggi.it\/website\/wp-json\/wp\/v2\/comments?post=42952"}],"version-history":[{"count":0,"href":"https:\/\/www.messinaoggi.it\/website\/wp-json\/wp\/v2\/posts\/42952\/revisions"}],"wp:featuredmedia":[{"embeddable":true,"href":"https:\/\/www.messinaoggi.it\/website\/wp-json\/wp\/v2\/media\/8386"}],"wp:attachment":[{"href":"https:\/\/www.messinaoggi.it\/website\/wp-json\/wp\/v2\/media?parent=42952"}],"wp:term":[{"taxonomy":"category","embeddable":true,"href":"https:\/\/www.messinaoggi.it\/website\/wp-json\/wp\/v2\/categories?post=42952"},{"taxonomy":"post_tag","embeddable":true,"href":"https:\/\/www.messinaoggi.it\/website\/wp-json\/wp\/v2\/tags?post=42952"}],"curies":[{"name":"wp","href":"https:\/\/api.w.org\/{rel}","templated":true}]}}