{"id":42938,"date":"2020-04-30T08:00:42","date_gmt":"2020-04-30T06:00:42","guid":{"rendered":"https:\/\/www.messinaoggi.it\/website\/?p=42938"},"modified":"2020-04-30T08:00:42","modified_gmt":"2020-04-30T06:00:42","slug":"cassa-integrazione-ritardi-da-palermo-sindacati-non-e-colpa-dei-dipendenti-regionali","status":"publish","type":"post","link":"https:\/\/www.messinaoggi.it\/website\/2020\/04\/30\/cassa-integrazione-ritardi-da-palermo-sindacati-non-e-colpa-dei-dipendenti-regionali\/","title":{"rendered":"Cassa integrazione: ritardi da Palermo. Sindacati: &quot;Non \u00e8 colpa dei dipendenti regionali&quot;"},"content":{"rendered":"<p>\u201cLa responsabilit\u00e0 dei ritardi nella gestione delle pratiche per la Cassa integrazione in deroga non pu\u00f2 in alcun modo essere attribuita ai dipendenti della Regione, n\u00e9 alla modalit\u00e0 di lavoro agile, che in questo momento di emergenza sanitaria \u00e8 stata caldamente raccomandata anche dal ministro della Pubblica amministrazione Fabiana Dadone. Non accetteremo che si metta a rischio la salute dei lavoratori: dalla Regione ci aspettiamo quindi meno annunci e pi\u00f9 confronto con le organizzazioni sindacali\u201d. A dirlo sono Fp Cgil, Cisl Fp, Uil Fpl, Cobas-Codir, Sadirs e Ugl, commentando la nota del dirigente generale del dipartimento regionale del Lavoro, Giovanni Vindigni, inviata alle organizzazioni sindacali, con la quale si annuncia l\u2019intenzione dell\u2019assessorato regionale guidato da Antonio Scavone di richiamare in ufficio i dipendenti attualmente in smartworking cos\u00ec da sbrigare le pratiche da trasmettere all\u2019Inps.<br \/>\n\u201cIl problema non \u00e8 lo smartworking, perch\u00e9 i dipendenti sono ugualmente e pienamente operativi. Il problema semmai \u00e8 da attribuire ai sistemi informatici della Regione che non sono affatto al passo con i tempi. \u2013 proseguono i sindacalisti \u2013 Il confronto con l&#8217;amministrazione che si \u00e8 aperto oggi \u00e8 terminato davvero troppo velocemente, perch\u00e9 il dirigente aveva altri impegni. Noi, da parte nostra, ribadiamo la nostra massima disponibilit\u00e0 a dialogare, anche ad oltranza, perch\u00e9 non accetteremo di trovarci davanti a fatti compiuti. \u00c8 necessario piuttosto trovare soluzioni immediate e condivise che diano risposte celeri ai tanti lavoratori rimasti senza un euro e che sono in attesa della lavorazione di queste pratiche\u201d.<div id=\"div-gpt-ad-Messinaoggi.it-DSK-300x250-corpoart\" style=\"text-align:center;margin:0 auto;\"><\/div><\/p>\n<div id=\"videoincontent\" style=\"clear:both\";><\/div>","protected":false},"excerpt":{"rendered":"<p>\u201cLa responsabilit\u00e0 dei ritardi nella gestione delle pratiche per la Cassa integrazione in deroga non pu\u00f2 in alcun modo essere attribuita ai dipendenti della Regione, n\u00e9 alla modalit\u00e0 di lavoro agile, che in questo momento di emergenza sanitaria \u00e8 stata caldamente raccomandata anche dal ministro della Pubblica amministrazione Fabiana Dadone. Non accetteremo che si metta [&hellip;]<\/p>\n","protected":false},"author":8,"featured_media":9409,"comment_status":"closed","ping_status":"closed","sticky":false,"template":"","format":"standard","meta":{"ub_ctt_via":"","_mi_skip_tracking":false},"categories":[11],"tags":[],"featured_image_src":"https:\/\/www.messinaoggi.it\/website\/wp-content\/uploads\/2017\/10\/telelavoro.jpg","author_info":{"display_name":"red..me","author_link":"https:\/\/www.messinaoggi.it\/website\/author\/redstage\/"},"digistream_id":0,"digistream":false,"_links":{"self":[{"href":"https:\/\/www.messinaoggi.it\/website\/wp-json\/wp\/v2\/posts\/42938"}],"collection":[{"href":"https:\/\/www.messinaoggi.it\/website\/wp-json\/wp\/v2\/posts"}],"about":[{"href":"https:\/\/www.messinaoggi.it\/website\/wp-json\/wp\/v2\/types\/post"}],"author":[{"embeddable":true,"href":"https:\/\/www.messinaoggi.it\/website\/wp-json\/wp\/v2\/users\/8"}],"replies":[{"embeddable":true,"href":"https:\/\/www.messinaoggi.it\/website\/wp-json\/wp\/v2\/comments?post=42938"}],"version-history":[{"count":0,"href":"https:\/\/www.messinaoggi.it\/website\/wp-json\/wp\/v2\/posts\/42938\/revisions"}],"wp:featuredmedia":[{"embeddable":true,"href":"https:\/\/www.messinaoggi.it\/website\/wp-json\/wp\/v2\/media\/9409"}],"wp:attachment":[{"href":"https:\/\/www.messinaoggi.it\/website\/wp-json\/wp\/v2\/media?parent=42938"}],"wp:term":[{"taxonomy":"category","embeddable":true,"href":"https:\/\/www.messinaoggi.it\/website\/wp-json\/wp\/v2\/categories?post=42938"},{"taxonomy":"post_tag","embeddable":true,"href":"https:\/\/www.messinaoggi.it\/website\/wp-json\/wp\/v2\/tags?post=42938"}],"curies":[{"name":"wp","href":"https:\/\/api.w.org\/{rel}","templated":true}]}}