{"id":42861,"date":"2020-04-28T12:04:19","date_gmt":"2020-04-28T10:04:19","guid":{"rendered":"https:\/\/www.messinaoggi.it\/website\/?p=42861"},"modified":"2020-04-28T12:04:19","modified_gmt":"2020-04-28T10:04:19","slug":"accompagnamento-alla-chiesa-di-santa-caterina-ma-non-erano-vietati","status":"publish","type":"post","link":"https:\/\/www.messinaoggi.it\/website\/2020\/04\/28\/accompagnamento-alla-chiesa-di-santa-caterina-ma-non-erano-vietati\/","title":{"rendered":"Accompagnamento alla chiesa di Santa Caterina: ma non erano vietati?"},"content":{"rendered":"<p style=\"text-align: justify\">Alcune persone devono avere ancora le idee un po\u2019 confuse su cosa si possa fare e cosa non si possa fare durante l&#8217;emergenza coronavirus. Il premier Giuseppe Conte lo scorso 26 aprile ha approvato il dpcm che segner\u00e0 l\u2019avvio della cosiddetta fase 2. Il dpcm, tra le altre cose, d\u00e0 la possibilit\u00e0 di celebrare i funerali e, dunque, l&#8217;accompagnamento delle salme, purch\u00e9 vengano rispettate due condizioni fondamentali: potranno parteciparvi un massimo di 15 congiunti e bisogner\u00e0 rispettare le regole di distanziamento sociale; tali condizioni sono state poste affinch\u00e9 non si creino assembramenti e, quindi, non si faciliti la diffusione del covid. Il fatto \u00e8 che tale dpcm avr\u00e0 validit\u00e0 a partire dal 4 maggio, motivo per cui <strong>non si comprende il perch\u00e9 questa mattina si sia tenuto un corteo funebre\u00a0<\/strong>presso la chiesa di Santa Caterina Vergine e Martire, all\u2019incrocio tra via del Vespro e via Risorgimento.<div id=\"div-gpt-ad-Messinaoggi.it-DSK-300x250-corpoart\" style=\"text-align:center;margin:0 auto;\"><\/div><\/p>\n<p style=\"text-align: justify\"><a href=\"https:\/\/www.messinaoggi.it\/website\/wp-content\/uploads\/2020\/04\/funerale-chiesa-santa-caterina.jpg\"><img loading=\"lazy\" class=\"alignnone size-full wp-image-42862\" src=\"https:\/\/www.messinaoggi.it\/website\/wp-content\/uploads\/2020\/04\/funerale-chiesa-santa-caterina.jpg\" alt=\"\" width=\"1581\" height=\"689\" \/><\/a><div id=\"videoincontent\" style=\"clear:both\";><\/div><\/p>\n<p style=\"text-align: justify\">Pur volendo ipotizzare che le persone coinvolte nel corteo funebre abbiano agito in buona fede e, dunque, non sapessero che il suddetto dpcm avr\u00e0 validit\u00e0 a partire da luned\u00ec prossimo, vi sembra comunque che stiano rispettando le regole secondo cui possano parteciparvi un massimo di 15 congiunti distanziati tra loro ad almeno un metro di distanza? La foto parla da sola e, pertanto, diamo a voi la possibilit\u00e0 di giudicare autonomamente.<\/p>\n<p style=\"text-align: justify\">Curioso che un evento del genere abbia fatto cos\u00ec poca notizia diversamente da quanto avvenuto qualche settimana fa in occasione del corteo funebre del fratello dell\u2019ex boss mafioso. Sembrerebbe quasi che quella volta ci si sia focalizzati non tanto sul fatto in s\u00e9, disdicevole e pertanto da dover condannare, quanto piuttosto su chi si sia reso responsabile di quel fatto. Vedere che ci siano ancora persone che credono di poter trasgredire tranquillamente i suddetti dpcm non pu\u00f2 che generare rabbia, soprattutto per quelle persone che in questi ultimi due mesi hanno perso un proprio caro senza aver la possibilit\u00e0 di dare a questo un ultimo saluto.<\/p>\n","protected":false},"excerpt":{"rendered":"<p>Alcune persone devono avere ancora le idee un po\u2019 confuse su cosa si possa fare e cosa non si possa fare durante l&#8217;emergenza coronavirus. Il premier Giuseppe Conte lo scorso 26 aprile ha approvato il dpcm che segner\u00e0 l\u2019avvio della cosiddetta fase 2. Il dpcm, tra le altre cose, d\u00e0 la possibilit\u00e0 di celebrare i [&hellip;]<\/p>\n","protected":false},"author":8,"featured_media":42863,"comment_status":"closed","ping_status":"closed","sticky":false,"template":"","format":"standard","meta":{"ub_ctt_via":"","_mi_skip_tracking":false},"categories":[19],"tags":[],"featured_image_src":"https:\/\/www.messinaoggi.it\/website\/wp-content\/uploads\/2020\/04\/funerale-chiesa-santa-caterina-2.jpg","author_info":{"display_name":"red..me","author_link":"https:\/\/www.messinaoggi.it\/website\/author\/redstage\/"},"digistream_id":0,"digistream":false,"_links":{"self":[{"href":"https:\/\/www.messinaoggi.it\/website\/wp-json\/wp\/v2\/posts\/42861"}],"collection":[{"href":"https:\/\/www.messinaoggi.it\/website\/wp-json\/wp\/v2\/posts"}],"about":[{"href":"https:\/\/www.messinaoggi.it\/website\/wp-json\/wp\/v2\/types\/post"}],"author":[{"embeddable":true,"href":"https:\/\/www.messinaoggi.it\/website\/wp-json\/wp\/v2\/users\/8"}],"replies":[{"embeddable":true,"href":"https:\/\/www.messinaoggi.it\/website\/wp-json\/wp\/v2\/comments?post=42861"}],"version-history":[{"count":0,"href":"https:\/\/www.messinaoggi.it\/website\/wp-json\/wp\/v2\/posts\/42861\/revisions"}],"wp:featuredmedia":[{"embeddable":true,"href":"https:\/\/www.messinaoggi.it\/website\/wp-json\/wp\/v2\/media\/42863"}],"wp:attachment":[{"href":"https:\/\/www.messinaoggi.it\/website\/wp-json\/wp\/v2\/media?parent=42861"}],"wp:term":[{"taxonomy":"category","embeddable":true,"href":"https:\/\/www.messinaoggi.it\/website\/wp-json\/wp\/v2\/categories?post=42861"},{"taxonomy":"post_tag","embeddable":true,"href":"https:\/\/www.messinaoggi.it\/website\/wp-json\/wp\/v2\/tags?post=42861"}],"curies":[{"name":"wp","href":"https:\/\/api.w.org\/{rel}","templated":true}]}}