{"id":42848,"date":"2020-04-27T21:13:12","date_gmt":"2020-04-27T19:13:12","guid":{"rendered":"https:\/\/www.messinaoggi.it\/website\/?p=42848"},"modified":"2020-04-27T21:13:12","modified_gmt":"2020-04-27T19:13:12","slug":"ancora-proibite-le-seconde-case","status":"publish","type":"post","link":"https:\/\/www.messinaoggi.it\/website\/2020\/04\/27\/ancora-proibite-le-seconde-case\/","title":{"rendered":"Ancora proibite le seconde case"},"content":{"rendered":"<p>&#8220;Non si possono raggiungere le seconde case. Mi sembra di aver capito che ci sia qualche presidente di Regione che lo sta ipotizzando, ma nell\u2019ambito di questo Dpcm non \u00e8 possibile raggiungere le seconde case&#8221;: cos\u00ec il ministra delle infrastrutture e trasporti Paola De Micheli, intervistata a \u201cLa vita in diretta\u201d, risponde a uno dei principali dubbi interpretativi del Dpcm firmato dal premier Giuseppe Conte.<br \/>\nNel testo \u00e8 sparito un divieto che nel Dpcm del 10 aprile \u2013 che consolidava il lockdown \u2013 era scritto nero su bianco: \u201cResta vietato ogni spostamento verso abitazioni diverse da quella principale comprese le seconde case utilizzate per vacanza\u201d.<br \/>\nNel decreto del 10 aprile, inoltre, veniva confermato il divieto di rientro nella propria residenza o domicilio. Il \u201cno\u201d alle seconde case, nel Dpcm del 26 aprile, non c\u2019\u00e8.<br \/>\nLa ministra De Micheli ha dunque confermato la disciplina vigente precisando inoltre che per quel che riguarda in rapporti interpersonali \u201ci congiunti sono persone con le quali si intrattengono rapporti affettivi stabili, anche se non formalizzati sul piano giuridico, penso anche ai fidanzati.<br \/>\nE\u2019 del tutto evidente che una dicitura cos\u00ec ampia \u00e8 legata alla responsabilit\u00e0 delle persone, ma \u00e8 arrivato il momento che dentro legami stabili di affetto ci si possa rivedere.<br \/>\nNon sar\u00e0 possibile per\u00f2 fare i pranzi familiari, ma singolarmente ci potremo finalmente rivedere \u2013 ha aggiunto \u2013 Prima riusciamo ad azzerare il contagio, prima ci vedremo con continuit\u00e0, ma ho idea che il divieto di assembramenti ci sar\u00e0&#8221;.<div id=\"div-gpt-ad-Messinaoggi.it-DSK-300x250-corpoart\" style=\"text-align:center;margin:0 auto;\"><\/div><\/p>\n<div id=\"videoincontent\" style=\"clear:both\";><\/div>","protected":false},"excerpt":{"rendered":"<p>&#8220;Non si possono raggiungere le seconde case. Mi sembra di aver capito che ci sia qualche presidente di Regione che lo sta ipotizzando, ma nell\u2019ambito di questo Dpcm non \u00e8 possibile raggiungere le seconde case&#8221;: cos\u00ec il ministra delle infrastrutture e trasporti Paola De Micheli, intervistata a \u201cLa vita in diretta\u201d, risponde a uno dei [&hellip;]<\/p>\n","protected":false},"author":4,"featured_media":4030,"comment_status":"closed","ping_status":"closed","sticky":false,"template":"","format":"standard","meta":{"ub_ctt_via":"","_mi_skip_tracking":false},"categories":[221],"tags":[],"featured_image_src":"https:\/\/www.messinaoggi.it\/website\/wp-content\/uploads\/2017\/07\/baia-san-gregorio-capo-dorlando-mare-estate-2.jpg","author_info":{"display_name":"redme","author_link":"https:\/\/www.messinaoggi.it\/website\/author\/redme\/"},"digistream_id":0,"digistream":false,"_links":{"self":[{"href":"https:\/\/www.messinaoggi.it\/website\/wp-json\/wp\/v2\/posts\/42848"}],"collection":[{"href":"https:\/\/www.messinaoggi.it\/website\/wp-json\/wp\/v2\/posts"}],"about":[{"href":"https:\/\/www.messinaoggi.it\/website\/wp-json\/wp\/v2\/types\/post"}],"author":[{"embeddable":true,"href":"https:\/\/www.messinaoggi.it\/website\/wp-json\/wp\/v2\/users\/4"}],"replies":[{"embeddable":true,"href":"https:\/\/www.messinaoggi.it\/website\/wp-json\/wp\/v2\/comments?post=42848"}],"version-history":[{"count":0,"href":"https:\/\/www.messinaoggi.it\/website\/wp-json\/wp\/v2\/posts\/42848\/revisions"}],"wp:featuredmedia":[{"embeddable":true,"href":"https:\/\/www.messinaoggi.it\/website\/wp-json\/wp\/v2\/media\/4030"}],"wp:attachment":[{"href":"https:\/\/www.messinaoggi.it\/website\/wp-json\/wp\/v2\/media?parent=42848"}],"wp:term":[{"taxonomy":"category","embeddable":true,"href":"https:\/\/www.messinaoggi.it\/website\/wp-json\/wp\/v2\/categories?post=42848"},{"taxonomy":"post_tag","embeddable":true,"href":"https:\/\/www.messinaoggi.it\/website\/wp-json\/wp\/v2\/tags?post=42848"}],"curies":[{"name":"wp","href":"https:\/\/api.w.org\/{rel}","templated":true}]}}