{"id":42846,"date":"2020-04-28T06:08:27","date_gmt":"2020-04-28T04:08:27","guid":{"rendered":"https:\/\/www.messinaoggi.it\/website\/?p=42846"},"modified":"2020-04-28T06:08:27","modified_gmt":"2020-04-28T04:08:27","slug":"la-mattanza-della-casa-di-riposo","status":"publish","type":"post","link":"https:\/\/www.messinaoggi.it\/website\/2020\/04\/28\/la-mattanza-della-casa-di-riposo\/","title":{"rendered":"La mattanza della Casa di riposo&#8230;"},"content":{"rendered":"<p style=\"text-align: justify;\">Fino a ieri il triste bilancio era fermo a 26 vittime. Un\u2019autentica \u201cmattanza\u201d scatenata dal Coronavirs nella Casa di Riposo \u201cCome d\u2019Incanto\u201d, dove si \u00e8 scatenato a met\u00e0 marzo &#8211; sembra un&#8217;eternit\u00e0 -, il primo vero focolaio di Messina, causato dalla terribile epidemia, che sta seminando morte in tutto il mondo. Chi abbia portato il virus all\u2019interno dei quella struttura che ospitava anziani non \u00e8 dato sapere, ma i \u201csussurri\u201d parlando di una componente della \u201ccomitiva di Madonna di Campiglio\u201d. Sui presunti inconsapevoli &#8220;untori&#8221; \u00e8 calato il silenzio, anche se qualcuno di loro la notte non dorme, perch\u00e9 la coscienza non ce l&#8217;ha a posto.<div id=\"div-gpt-ad-Messinaoggi.it-DSK-300x250-corpoart\" style=\"text-align:center;margin:0 auto;\"><\/div><\/p>\n<p><img loading=\"lazy\" class=\"size-medium wp-image-41559 alignleft\" src=\"https:\/\/www.messinaoggi.it\/website\/wp-content\/uploads\/2020\/03\/90228205_638516360058249_3762328039183089664_o-1-300x225.jpg\" alt=\"\" width=\"300\" height=\"225\" \/><div id=\"videoincontent\" style=\"clear:both\";><\/div><\/p>\n<p style=\"text-align: justify;\">Se \u00e8 vera la circostanza narrata dal volgo Social &#8211; sar\u00e0 compito della magistratura accertarlo -, qualcuno ha sul groppone quelle morti. Messina ha pagato un prezzo altissimo, che forse avrebbe potuto essere evitato. Pi\u00f9 della met\u00e0 dei decessi, sono da ricondurre alla struttura di via Primo Settembre, balzata agli onori della cronaca per la prolungata reclusione dei dipendenti e il ritardo nel trasferimento degli ospiti con sintomi, molti dei quali risultati contagiati. E poi deceduti.<\/p>\n<p style=\"text-align: justify;\">A distanza di quarantacinque giorni, sulla \u201cmattanza\u201d della Casa di Riposo \u00e8 calato un altro silenzio preoccupante: la magistratura messinese, al contrario di quella lombarda, sta lavorando evidentemente sotto traccia. Ma non risulta che ad oggi sia stata compiuta una sola ispezione \u201cordinata\u201d da chi conduce l\u2019inchiesta.<\/p>\n<p style=\"text-align: justify;\">A Milano le Case di Riposo, trasformate in autentiche tombe per gli anziani, sono state rivoltate come un calzino, con sequestro di cartelle cliniche, audizione di persone informate sui fatti e avvisi di garanzia. Qui tutto tace. E questo non significa che la magistratura messinese non stia facendo il suo lavoro certosino.<\/p>\n<p><img loading=\"lazy\" class=\"size-medium wp-image-10358 alignright\" src=\"https:\/\/www.messinaoggi.it\/website\/wp-content\/uploads\/2017\/10\/tribunale-di-messinaRRP_1730-300x200.jpg\" alt=\"\" width=\"300\" height=\"200\" \/><\/p>\n<p style=\"text-align: justify;\">Ci\u00f2 che, invece, stona \u00e8 il tono con il quale la societ\u00e0 che gestisce la struttura si rivolge all\u2019Asp: il legale della Casa di Riposo ha chiesto recentemente alle autorit\u00e0 sanitarie, bench\u00e9 non fosse compito loro, di rimuovere i sacchi dei rifiuti contaminati, accatastati sul terrazzino dello stabile di via Primo Settembre. Richiesta accolta <em>ob torto collo<\/em> dal direttore generale, Paolo La Paglia, e comunicata alla \u201cCome d\u2019Incanto\u201d. Piccolo particolare: il dg ha spedito la nota di risposta per conoscenza anche alla Procura.<\/p>\n<p style=\"text-align: justify;\">C\u2019\u00e8 fretta di riaprire perch\u00e9 la Struttura \u00e8 stata sanificata e qualche familiare \u201cpressa\u201d per riportare il proprio congiunto in quella Casa di Riposo. A proposito di familiari, ci chiediamo se qualcuno abbia presentato un esposto per chiedere venga fatta chiarezza.<\/p>\n<p style=\"text-align: justify;\">E soprattutto giustizia&#8230;<\/p>\n<p style=\"text-align: right;\"><strong>Davide Gambale<\/strong><\/p>\n","protected":false},"excerpt":{"rendered":"<p>Fino a ieri il triste bilancio era fermo a 26 vittime. Un\u2019autentica \u201cmattanza\u201d scatenata dal Coronavirs nella Casa di Riposo \u201cCome d\u2019Incanto\u201d, dove si \u00e8 scatenato a met\u00e0 marzo &#8211; sembra un&#8217;eternit\u00e0 -, il primo vero focolaio di Messina, causato dalla terribile epidemia, che sta seminando morte in tutto il mondo. Chi abbia portato il [&hellip;]<\/p>\n","protected":false},"author":2,"featured_media":10356,"comment_status":"closed","ping_status":"closed","sticky":false,"template":"","format":"standard","meta":{"ub_ctt_via":"","_mi_skip_tracking":false},"categories":[221,19],"tags":[],"featured_image_src":"https:\/\/www.messinaoggi.it\/website\/wp-content\/uploads\/2017\/10\/tribunale-di-messina.jpg","author_info":{"display_name":"Redazione","author_link":"https:\/\/www.messinaoggi.it\/website\/author\/redazione\/"},"digistream_id":0,"digistream":false,"_links":{"self":[{"href":"https:\/\/www.messinaoggi.it\/website\/wp-json\/wp\/v2\/posts\/42846"}],"collection":[{"href":"https:\/\/www.messinaoggi.it\/website\/wp-json\/wp\/v2\/posts"}],"about":[{"href":"https:\/\/www.messinaoggi.it\/website\/wp-json\/wp\/v2\/types\/post"}],"author":[{"embeddable":true,"href":"https:\/\/www.messinaoggi.it\/website\/wp-json\/wp\/v2\/users\/2"}],"replies":[{"embeddable":true,"href":"https:\/\/www.messinaoggi.it\/website\/wp-json\/wp\/v2\/comments?post=42846"}],"version-history":[{"count":0,"href":"https:\/\/www.messinaoggi.it\/website\/wp-json\/wp\/v2\/posts\/42846\/revisions"}],"wp:featuredmedia":[{"embeddable":true,"href":"https:\/\/www.messinaoggi.it\/website\/wp-json\/wp\/v2\/media\/10356"}],"wp:attachment":[{"href":"https:\/\/www.messinaoggi.it\/website\/wp-json\/wp\/v2\/media?parent=42846"}],"wp:term":[{"taxonomy":"category","embeddable":true,"href":"https:\/\/www.messinaoggi.it\/website\/wp-json\/wp\/v2\/categories?post=42846"},{"taxonomy":"post_tag","embeddable":true,"href":"https:\/\/www.messinaoggi.it\/website\/wp-json\/wp\/v2\/tags?post=42846"}],"curies":[{"name":"wp","href":"https:\/\/api.w.org\/{rel}","templated":true}]}}