{"id":42836,"date":"2020-04-27T16:45:55","date_gmt":"2020-04-27T14:45:55","guid":{"rendered":"https:\/\/www.messinaoggi.it\/website\/?p=42836"},"modified":"2020-04-27T16:45:55","modified_gmt":"2020-04-27T14:45:55","slug":"ironia-sul-premier-conte-lassessore-messina-rischia-grosso","status":"publish","type":"post","link":"https:\/\/www.messinaoggi.it\/website\/2020\/04\/27\/ironia-sul-premier-conte-lassessore-messina-rischia-grosso\/","title":{"rendered":"Ironia sul premier Conte, l&#039;assessore Messina rischia grosso"},"content":{"rendered":"<p style=\"margin: 0px 0px 20px; font-family: 'Open Sans'; color: #383838;\">L\u2019assessore regionale al Turismo,\u00a0Manlio Messina,\u00a0ha pubblicato sulla sua pagina Facebook un fotomontaggio che ritrae il premier Conte in manette tra due carabinieri con la scritta \u201cfase 3\u201d, con l\u2019hastag \u201c#maseiserio?\u201d.<div id=\"div-gpt-ad-Messinaoggi.it-DSK-300x250-corpoart\" style=\"text-align:center;margin:0 auto;\"><\/div><\/p>\n<p style=\"margin: 0px 0px 20px; font-family: 'Open Sans'; color: #383838;\">L\u2019immagine \u00e8 stata rimossa da Messina, dopo che ha sollevato dure prese di posizione da parte di diversi esponenti politici: \u201cSi stanno alzando polemiche dai soliti noti \u2013 scrive l\u2019assessore su Fb \u2013 per una vignetta ironica che ho postato ieri sul premier Conte. \u00c8 ovvio che la satira in questo paese, almeno fino a questo momento, \u00e8 consentita. Non vi \u00e8 alcuna offesa per nessuno, ma un semplice modo per sdrammatizzare le ulteriori condizioni cui ci costringe il governo nazionale\u201d.<div id=\"videoincontent\" style=\"clear:both\";><\/div><\/p>\n<p style=\"margin: 0px 0px 20px; font-family: 'Open Sans'; color: #383838;\">\u201cMa vorrei ricordare \u2013 scrive ancora Messina pubblicando un video in cui Paola Taverna attaccava il Pd \u2013 cosa diceva il vice presidente del Senato dei 5 stelle poco tempo fa. E queste si che sono cose di cui doversi vergognare. Non per un post ironico\u201d.<\/p>\n<p style=\"margin: 0px 0px 20px; font-family: 'Open Sans'; color: #383838;\">I deputati del\u00a0<span style=\"font-weight: 700 !important;\">Pd<\/span>\u00a0all\u2019Assemblea regionale siciliana hanno chiesto la rimozione dell\u2019assessore: \u201cIl presidente della Regione ci tolga dall\u2019imbarazzo e rimuova immediatamente l\u2019assessore al Turismo Manlio\u00a0<span class=\"searchKey\">Messina<\/span>\u00a0o saremo costretti a richiedere un dibattito d\u2019aula e presentare una specifica mozione di sfiducia\u201d.<\/p>\n<p style=\"margin: 0px 0px 20px; font-family: 'Open Sans'; color: #383838;\">\u201cE\u2019 gravissimo \u2013 aggiungono \u2013 che in un momento cosi\u2019 delicato, che richiede la collaborazione fra istituzioni un assessore regionale manchi di rispetto al governo nazionale offendendo con un indecoroso post sulla sua pagina Facebook la Sicilia ed i siciliani che certamente non si riconoscono in questo tipo di esternazioni irriverenti e volgari. La sicilia ha bisogno di rappresentanti che all\u2019insegna del rispetto e della dignit\u00e0 personale lavorino per lo sviluppo della regione e non di chi nasconde la propria inefficienza dietro umorismi irrispettosi\u201d.<\/p>\n<p style=\"margin: 0px 0px 20px; font-family: 'Open Sans'; color: #383838;\">\u201cCon la Sicilia in ginocchio \u2013 ha dichiarato invece il presidente della Commissione antimafia regionale siciliana,<span style=\"font-weight: 700 !important;\">\u00a0Claudio Fava<\/span>\u00a0\u2013 dilettarsi nei fotomontaggi denigratori nei confronti dei Presidente Conte \u00e8 gi\u00e0 ridicolo. Se a farlo \u00e8 l\u2019Assessore regionale responsabile per uno dei settori pi\u00f9 colpiti, quello del turismo, si tratta di un comportamento irresponsabile che indica l\u2019assenza della bench\u00e9 minima cultura istituzionale, soprattutto quando si fa parte di una giunta che non riesce nemmeno ad organizzare il semplice invio delle domande per la cassa integrazione. L\u2019assessore Messina\u00a0si ricordi, se ne \u00e8 capace, di essere alla guida di un comparto che oggi sta soffrendo, con migliaia di posti di lavoro a rischio. Se non ne e\u2019 capace, \u00e8 meglio che se ne vada\u201d.<\/p>\n<p style=\"margin: 0px 0px 20px; font-family: 'Open Sans'; color: #383838;\">Stesso messaggio dai deputati del\u00a0<span style=\"font-weight: 700 !important;\">M5s all<\/span>\u2019Ars: \u201cL\u2019assessore Messina, col suo gesto irresponsabile in un momento storico drammatico, in cui le istituzioni dovrebbero, pi\u00f9 del solito, dare prova di maturit\u00e0 ed essere da esempio virtuoso per i cittadini, ha dimostrato che non \u00e8 degno di rimanere al suo posto: si dimetta\u201d.<\/p>\n<p style=\"margin: 0px 0px 20px; font-family: 'Open Sans'; color: #383838;\">\u201cDefinire satira la propria sconsiderata azione, come ha fatto l\u2019assessore nel tentativo di salvare la poltrona che gi\u00e0 comincia a sentir vacillare sotto di s\u00e9 \u2013 continuano i deputati \u2013 \u00e8 la classica pezza peggiore del buco. Un rappresentante del governo regionale, prima che alla casacca del suo partito e agli insegnamenti della sua ispiratrice Meloni, dovrebbe pensare al bene dei siciliani. E a questo punto pensiamo seriamente che il bene dei siciliani sia che lui faccia i bagagli e vada via\u201d.<\/p>\n","protected":false},"excerpt":{"rendered":"<p>L\u2019assessore regionale al Turismo,\u00a0Manlio Messina,\u00a0ha pubblicato sulla sua pagina Facebook un fotomontaggio che ritrae il premier Conte in manette tra due carabinieri con la scritta \u201cfase 3\u201d, con l\u2019hastag \u201c#maseiserio?\u201d. L\u2019immagine \u00e8 stata rimossa da Messina, dopo che ha sollevato dure prese di posizione da parte di diversi esponenti politici: \u201cSi stanno alzando polemiche dai [&hellip;]<\/p>\n","protected":false},"author":4,"featured_media":42837,"comment_status":"closed","ping_status":"closed","sticky":false,"template":"","format":"standard","meta":{"ub_ctt_via":"","_mi_skip_tracking":false},"categories":[11],"tags":[],"featured_image_src":"https:\/\/www.messinaoggi.it\/website\/wp-content\/uploads\/2020\/04\/Conte-manette.jpg","author_info":{"display_name":"redme","author_link":"https:\/\/www.messinaoggi.it\/website\/author\/redme\/"},"digistream_id":0,"digistream":false,"_links":{"self":[{"href":"https:\/\/www.messinaoggi.it\/website\/wp-json\/wp\/v2\/posts\/42836"}],"collection":[{"href":"https:\/\/www.messinaoggi.it\/website\/wp-json\/wp\/v2\/posts"}],"about":[{"href":"https:\/\/www.messinaoggi.it\/website\/wp-json\/wp\/v2\/types\/post"}],"author":[{"embeddable":true,"href":"https:\/\/www.messinaoggi.it\/website\/wp-json\/wp\/v2\/users\/4"}],"replies":[{"embeddable":true,"href":"https:\/\/www.messinaoggi.it\/website\/wp-json\/wp\/v2\/comments?post=42836"}],"version-history":[{"count":0,"href":"https:\/\/www.messinaoggi.it\/website\/wp-json\/wp\/v2\/posts\/42836\/revisions"}],"wp:featuredmedia":[{"embeddable":true,"href":"https:\/\/www.messinaoggi.it\/website\/wp-json\/wp\/v2\/media\/42837"}],"wp:attachment":[{"href":"https:\/\/www.messinaoggi.it\/website\/wp-json\/wp\/v2\/media?parent=42836"}],"wp:term":[{"taxonomy":"category","embeddable":true,"href":"https:\/\/www.messinaoggi.it\/website\/wp-json\/wp\/v2\/categories?post=42836"},{"taxonomy":"post_tag","embeddable":true,"href":"https:\/\/www.messinaoggi.it\/website\/wp-json\/wp\/v2\/tags?post=42836"}],"curies":[{"name":"wp","href":"https:\/\/api.w.org\/{rel}","templated":true}]}}