{"id":42830,"date":"2020-04-27T15:05:25","date_gmt":"2020-04-27T13:05:25","guid":{"rendered":"https:\/\/www.messinaoggi.it\/website\/?p=42830"},"modified":"2020-04-27T15:05:25","modified_gmt":"2020-04-27T13:05:25","slug":"neurolesi-ancora-chiuso-i-parlamentari-messinesi-dormono","status":"publish","type":"post","link":"https:\/\/www.messinaoggi.it\/website\/2020\/04\/27\/neurolesi-ancora-chiuso-i-parlamentari-messinesi-dormono\/","title":{"rendered":"Neurolesi ancora chiuso, i parlamentari messinesi dormono?"},"content":{"rendered":"<p style=\"text-align: justify;\">A met\u00e0 marzo il centro di riabilitazione del Neurolesi chiudeva perch\u00e9 si era aperto un pericoloso focolaio, da allora la struttura \u00e8 mestamente chiusa. Sulle prime si \u00e8 proceduto al trasferimento dei circa novanta pazienti, alcuni dei quali contagiati, ma dopo gli opportuni interventi di sanificazione l\u2019eccellenza messinese continua a rimanere inspiegabilmente chiusa.<div id=\"div-gpt-ad-Messinaoggi.it-DSK-300x250-corpoart\" style=\"text-align:center;margin:0 auto;\"><\/div><\/p>\n<p style=\"text-align: justify;\">Almeno duecento lavoratori, fra medici, infermieri, operatori sanitari e amministrativi sono \u201ccostretti\u201d a casa su disposizione dell\u2019azienda. Al computo vanno aggiunti gli operatori della Ricerca. Un piccolo esercito di lavoratori che sono &#8220;<em>come color che son sospesi<\/em>&#8220;. E si interrogano, giustamente, sul proprio futuro. Che ne sar\u00e0 dell\u2019Irccs-Neurolesi? L\u2019interrogativo, per il momento, se lo pongono anche i sindacati, anzi il sindacato, ovvero la Uil-Fpl che sull\u2019argomento ha prodotto una montagna di note. Tutte rimaste mestamente senza alcuna risposta. Che fine ha fatto il direttore generale, <strong>Vincenzo Barone<\/strong>? Dov\u2019\u00e8 finito il direttore scientifico, <strong>Dino Bramanti<\/strong>, che dell\u2019Irccs ne ha fatto un fiore all\u2019occhiello della sanit\u00e0 messinese. Tutti muti. Nessuno risponde.<div id=\"videoincontent\" style=\"clear:both\";><\/div><\/p>\n<p style=\"text-align: justify;\">E qui si moltiplicano gli interrogativi. Il personale costretto a stare a casa \u2013 fortuna che gli pagano lo stipendio \u2013 sospetta che dietro sia in corso una brutta \u201coperazione\u201d politica. Sperano di sbagliarsi, ma se il centro non dovesse riaprire in tempi ragionevoli c\u2019\u00e8 il rischio che tutto il personale venga messo in mobilit\u00e0. Chi avr\u00e0 fortuna si trover\u00e0 \u201csbattuto\u201d in qualche altra struttura della provincia, chi non l\u2019avr\u00e0 si vedr\u00e0 rescisso il contratto. E\u2019 la legge.<\/p>\n<p style=\"text-align: justify;\">L\u2019altro interrogativo che si pongono in molti \u00e8 quello relativo ai pazienti. Alcuni (pochi) ricoverati al centro Covid del Policlinico, altri (pochissimi) sono morti, e gli altri? Dove sono finiti? Impensabile che siano tornati a casa perch\u00e9 hanno bisogno di cure continue.<\/p>\n<p style=\"text-align: justify;\">E si fa strada quel \u201cpiano segreto\u201d, sussurrato lo scorso anno, che avrebbe voluto la chiusura del centro riabialitativo di contrada Casazza per crearne uno ex novo al Policlinico universitario. Un piano che aveva avuto, all\u2019epoca dei fatti, &#8211; stando alle indiscrezioni \u2013 il benestare dell\u2019assessore <strong>Ruggero Razza<\/strong> e del Rettore, <strong>Salvatore Cuzzocrea<\/strong>.<\/p>\n<p style=\"text-align: justify;\">Particolare da non trascurare sono i 91 mln di euro stanziati dal Ministero della Sanit\u00e0 per la Riabilitazione dell\u2019Irccs: anche quelli, evidentemente, fanno parte della \u201cpartita\u201d? Fanno quindi gola a qualcuno?<\/p>\n<p style=\"text-align: justify;\">E\u2019 strano che nessuno dei parlamentari messinesi (tutti indistintamente), si sia posto la domanda sul perch\u00e9 Casazza continui a rimanere chiuso, sebbene la struttura sia stata sanificata e, quindi, sia rientrato l\u2019allarme covid. Il paradosso \u00e8 che oggi il Centro riabilitativo continua a rimanere chiuso, mentre la Casa di Riposo \u201cCome d\u2019Incanto\u201d si appresta ad accogliere i vecchietti dopo la \u201cmattanza\u201d causata dal Covid.<\/p>\n<p style=\"text-align: justify;\">\n","protected":false},"excerpt":{"rendered":"<p>A met\u00e0 marzo il centro di riabilitazione del Neurolesi chiudeva perch\u00e9 si era aperto un pericoloso focolaio, da allora la struttura \u00e8 mestamente chiusa. Sulle prime si \u00e8 proceduto al trasferimento dei circa novanta pazienti, alcuni dei quali contagiati, ma dopo gli opportuni interventi di sanificazione l\u2019eccellenza messinese continua a rimanere inspiegabilmente chiusa. Almeno duecento [&hellip;]<\/p>\n","protected":false},"author":2,"featured_media":38767,"comment_status":"closed","ping_status":"closed","sticky":false,"template":"","format":"standard","meta":{"ub_ctt_via":"","_mi_skip_tracking":false},"categories":[221,19],"tags":[],"featured_image_src":"https:\/\/www.messinaoggi.it\/website\/wp-content\/uploads\/2019\/11\/IMG_5728.jpg","author_info":{"display_name":"Redazione","author_link":"https:\/\/www.messinaoggi.it\/website\/author\/redazione\/"},"digistream_id":0,"digistream":false,"_links":{"self":[{"href":"https:\/\/www.messinaoggi.it\/website\/wp-json\/wp\/v2\/posts\/42830"}],"collection":[{"href":"https:\/\/www.messinaoggi.it\/website\/wp-json\/wp\/v2\/posts"}],"about":[{"href":"https:\/\/www.messinaoggi.it\/website\/wp-json\/wp\/v2\/types\/post"}],"author":[{"embeddable":true,"href":"https:\/\/www.messinaoggi.it\/website\/wp-json\/wp\/v2\/users\/2"}],"replies":[{"embeddable":true,"href":"https:\/\/www.messinaoggi.it\/website\/wp-json\/wp\/v2\/comments?post=42830"}],"version-history":[{"count":0,"href":"https:\/\/www.messinaoggi.it\/website\/wp-json\/wp\/v2\/posts\/42830\/revisions"}],"wp:featuredmedia":[{"embeddable":true,"href":"https:\/\/www.messinaoggi.it\/website\/wp-json\/wp\/v2\/media\/38767"}],"wp:attachment":[{"href":"https:\/\/www.messinaoggi.it\/website\/wp-json\/wp\/v2\/media?parent=42830"}],"wp:term":[{"taxonomy":"category","embeddable":true,"href":"https:\/\/www.messinaoggi.it\/website\/wp-json\/wp\/v2\/categories?post=42830"},{"taxonomy":"post_tag","embeddable":true,"href":"https:\/\/www.messinaoggi.it\/website\/wp-json\/wp\/v2\/tags?post=42830"}],"curies":[{"name":"wp","href":"https:\/\/api.w.org\/{rel}","templated":true}]}}