{"id":42787,"date":"2020-04-25T20:06:22","date_gmt":"2020-04-25T18:06:22","guid":{"rendered":"https:\/\/www.messinaoggi.it\/website\/?p=42787"},"modified":"2020-04-25T20:06:22","modified_gmt":"2020-04-25T18:06:22","slug":"palazzo-chigi-chi-vive-sul-mare-puo-fare-il-bagno","status":"publish","type":"post","link":"https:\/\/www.messinaoggi.it\/website\/2020\/04\/25\/palazzo-chigi-chi-vive-sul-mare-puo-fare-il-bagno\/","title":{"rendered":"Palazzo Chigi, chi vive sul mare pu\u00f2 fare il bagno"},"content":{"rendered":"<p>Chi abita al mare pu\u00f2 fare il bagno, se non \u00e8 vietato da ordinanze locali, e tale possibilit\u00e0 \u00e8 vigente dall\u2019inizio della fase 1. Nella \u201cfaq\u201d sul decreto \u201c#iorestoacasa\u201d pubblicate sul sito del Governo, l\u2019Esecutivo chiarisce un punto che, finora era rimasto in secondo piano.<br \/>\n\u201c\u00c8 sempre possibile svolgere l\u2019attivit\u00e0 motoria in prossimit\u00e0 della propria abitazione principale, o comunque di quella in cui si dimora dal 22 marzo 2020, con la conseguenza che \u00e8 ammesso, per coloro che abitano in luoghi montani, collinari, lacustri, fluviali o marini \u2013 e sempre che non si tratti di soggetto per il quale \u00e8 fatto divieto assoluto di mobilit\u00e0 in quanto sottoposto alla misura della quarantena o risulti positivo al virus \u2013 effettuare tale attivit\u00e0 in detti luoghi (ivi compreso fare il bagno al mare\/fiume\/lago) purch\u00e9 individualmente e comunque nel rispetto della distanza di almeno un metro da ogni altra persona\u201d, si spiega nel sito di Palazzo Chigi.<br \/>\n\u201cI predetti luoghi \u2013 chiarisce l\u2019esecutivo \u2013 non sono chiusi al pubblico, come invece lo sono, attualmente, i parchi e le aree verdi urbane, e altres\u00ec gli stabilimenti balneari, in cui permane il divieto di ingresso e circolazione. Resta fermo che deve trattarsi esclusivamente di attivit\u00e0 effettuate senza che occorra allontanarsi dalla propria abitazione e senza che si renda quindi necessario l\u2019utilizzo di mezzi di locomozione pubblici o privati, n\u00e9 significativi spostamenti\u201d.<br \/>\n\u201cSono fatti salvi \u2013 si aggiunge \u2013 diversi e pi\u00f9 stringenti divieti imposti su base locale perch\u00e9 giustificati da specifiche situazioni territoriali.<br \/>\nLa sussistenza delle condizioni in questione (attivit\u00e0 motoria svolta in prossimit\u00e0 alla propria abitazione) potr\u00e0 essere giustificata con autocertificazione, se gli agenti che fanno i controlli la richiedono\u201d.<div id=\"div-gpt-ad-Messinaoggi.it-DSK-300x250-corpoart\" style=\"text-align:center;margin:0 auto;\"><\/div><\/p>\n<div id=\"videoincontent\" style=\"clear:both\";><\/div>","protected":false},"excerpt":{"rendered":"<p>Chi abita al mare pu\u00f2 fare il bagno, se non \u00e8 vietato da ordinanze locali, e tale possibilit\u00e0 \u00e8 vigente dall\u2019inizio della fase 1. Nella \u201cfaq\u201d sul decreto \u201c#iorestoacasa\u201d pubblicate sul sito del Governo, l\u2019Esecutivo chiarisce un punto che, finora era rimasto in secondo piano. \u201c\u00c8 sempre possibile svolgere l\u2019attivit\u00e0 motoria in prossimit\u00e0 della propria [&hellip;]<\/p>\n","protected":false},"author":4,"featured_media":5974,"comment_status":"closed","ping_status":"closed","sticky":false,"template":"","format":"standard","meta":{"ub_ctt_via":"","_mi_skip_tracking":false},"categories":[221],"tags":[],"featured_image_src":"https:\/\/www.messinaoggi.it\/website\/wp-content\/uploads\/2017\/08\/mare-estate-2.jpg","author_info":{"display_name":"redme","author_link":"https:\/\/www.messinaoggi.it\/website\/author\/redme\/"},"digistream_id":0,"digistream":false,"_links":{"self":[{"href":"https:\/\/www.messinaoggi.it\/website\/wp-json\/wp\/v2\/posts\/42787"}],"collection":[{"href":"https:\/\/www.messinaoggi.it\/website\/wp-json\/wp\/v2\/posts"}],"about":[{"href":"https:\/\/www.messinaoggi.it\/website\/wp-json\/wp\/v2\/types\/post"}],"author":[{"embeddable":true,"href":"https:\/\/www.messinaoggi.it\/website\/wp-json\/wp\/v2\/users\/4"}],"replies":[{"embeddable":true,"href":"https:\/\/www.messinaoggi.it\/website\/wp-json\/wp\/v2\/comments?post=42787"}],"version-history":[{"count":0,"href":"https:\/\/www.messinaoggi.it\/website\/wp-json\/wp\/v2\/posts\/42787\/revisions"}],"wp:featuredmedia":[{"embeddable":true,"href":"https:\/\/www.messinaoggi.it\/website\/wp-json\/wp\/v2\/media\/5974"}],"wp:attachment":[{"href":"https:\/\/www.messinaoggi.it\/website\/wp-json\/wp\/v2\/media?parent=42787"}],"wp:term":[{"taxonomy":"category","embeddable":true,"href":"https:\/\/www.messinaoggi.it\/website\/wp-json\/wp\/v2\/categories?post=42787"},{"taxonomy":"post_tag","embeddable":true,"href":"https:\/\/www.messinaoggi.it\/website\/wp-json\/wp\/v2\/tags?post=42787"}],"curies":[{"name":"wp","href":"https:\/\/api.w.org\/{rel}","templated":true}]}}