{"id":42665,"date":"2020-04-22T15:51:12","date_gmt":"2020-04-22T13:51:12","guid":{"rendered":"https:\/\/www.messinaoggi.it\/website\/?p=42665"},"modified":"2020-04-22T15:51:12","modified_gmt":"2020-04-22T13:51:12","slug":"covid-guarite-al-policlinico-trovate-positive-al-piemonte-caso-clinico-o-negligenza","status":"publish","type":"post","link":"https:\/\/www.messinaoggi.it\/website\/2020\/04\/22\/covid-guarite-al-policlinico-trovate-positive-al-piemonte-caso-clinico-o-negligenza\/","title":{"rendered":"Covid. Guarite al Policlinico, trovate positive al Piemonte: caso clinico o negligenza?"},"content":{"rendered":"<p style=\"text-align: justify;\">Il caso di due pazienti dimesse dal Policlinico, ufficialmente guarite da Covid-19, e trasferite alla Neurologia del Piemonte dove sono state trovate positive, sta agitando gli ambienti sanitari messinesi.<div id=\"div-gpt-ad-Messinaoggi.it-DSK-300x250-corpoart\" style=\"text-align:center;margin:0 auto;\"><\/div><\/p>\n<p style=\"text-align: justify;\">E&#8217; la seconda volta che si verifica tale circostanza: qualche settimana addietro una paziente dimessa dal reparto Covid del Policlinico, dichiarata ufficialmente guarita, si \u00e8 nuovamente ammalata e trovata positiva al Piemonte dove era stata trasferita sempre a Neurologia.<div id=\"videoincontent\" style=\"clear:both\";><\/div><\/p>\n<p style=\"text-align: justify;\">Le due pazienti risultate positive ai tamponi sono state quindi nuovamente trasferite al Covid del Policlinico per essere sottoposte alle cure dal caso. C&#8217;\u00e8 allarme al Piemonte dove le due pazienti ufficialmente guarite si sono ammalate dopo ben 21 giorni. Il management dell&#8217;IRCCS-Piemonte ha allertato le autorit\u00e0 sanitarie nazionali sospettando che si tratti di una nuova recrudescenza della malattia.<\/p>\n<p style=\"text-align: justify;\">Tuttavia, dalle indiscrezioni che trapelano non vengono tralasciate altre ipotesi, come l&#8217;errore materiale sulle cartelle cliniche, come accaduto in precedenza, o peggio ancora un doppio errore nell&#8217;esame dei tamponi effettuati al Policlinico. Il laboratorio della struttura \u00e8 stato sottoposto ad un autentico &#8220;tour de force&#8221;, al punto che si \u00e8 resa necessaria la stipula di una convenzione con un laboratori privato del catanese. Infatti, come si ricorder\u00e0, nei giorni scorsi sono state segnalate molteplici disfunzioni al laboratorio del Policlinico universitario con ritardi nel processamento dei tamponi e, in alcuni, casi con lo smarrimento degli stessi (<strong>fatti denunciati dai lavoratori della Casa di Riposo &#8220;Come d&#8217;Incanto&#8221;<\/strong>).<\/p>\n<p> <br \/>\n <\/p>\n","protected":false},"excerpt":{"rendered":"<p>Il caso di due pazienti dimesse dal Policlinico, ufficialmente guarite da Covid-19, e trasferite alla Neurologia del Piemonte dove sono state trovate positive, sta agitando gli ambienti sanitari messinesi. E&#8217; la seconda volta che si verifica tale circostanza: qualche settimana addietro una paziente dimessa dal reparto Covid del Policlinico, dichiarata ufficialmente guarita, si \u00e8 nuovamente [&hellip;]<\/p>\n","protected":false},"author":2,"featured_media":41528,"comment_status":"closed","ping_status":"closed","sticky":false,"template":"","format":"standard","meta":{"ub_ctt_via":"","_mi_skip_tracking":false},"categories":[19],"tags":[],"featured_image_src":"https:\/\/www.messinaoggi.it\/website\/wp-content\/uploads\/2020\/03\/7A927CD4-F81B-4113-9DC8-533979810284.jpeg","author_info":{"display_name":"Redazione","author_link":"https:\/\/www.messinaoggi.it\/website\/author\/redazione\/"},"digistream_id":0,"digistream":false,"_links":{"self":[{"href":"https:\/\/www.messinaoggi.it\/website\/wp-json\/wp\/v2\/posts\/42665"}],"collection":[{"href":"https:\/\/www.messinaoggi.it\/website\/wp-json\/wp\/v2\/posts"}],"about":[{"href":"https:\/\/www.messinaoggi.it\/website\/wp-json\/wp\/v2\/types\/post"}],"author":[{"embeddable":true,"href":"https:\/\/www.messinaoggi.it\/website\/wp-json\/wp\/v2\/users\/2"}],"replies":[{"embeddable":true,"href":"https:\/\/www.messinaoggi.it\/website\/wp-json\/wp\/v2\/comments?post=42665"}],"version-history":[{"count":0,"href":"https:\/\/www.messinaoggi.it\/website\/wp-json\/wp\/v2\/posts\/42665\/revisions"}],"wp:featuredmedia":[{"embeddable":true,"href":"https:\/\/www.messinaoggi.it\/website\/wp-json\/wp\/v2\/media\/41528"}],"wp:attachment":[{"href":"https:\/\/www.messinaoggi.it\/website\/wp-json\/wp\/v2\/media?parent=42665"}],"wp:term":[{"taxonomy":"category","embeddable":true,"href":"https:\/\/www.messinaoggi.it\/website\/wp-json\/wp\/v2\/categories?post=42665"},{"taxonomy":"post_tag","embeddable":true,"href":"https:\/\/www.messinaoggi.it\/website\/wp-json\/wp\/v2\/tags?post=42665"}],"curies":[{"name":"wp","href":"https:\/\/api.w.org\/{rel}","templated":true}]}}