{"id":42628,"date":"2020-04-21T15:27:21","date_gmt":"2020-04-21T13:27:21","guid":{"rendered":"https:\/\/www.messinaoggi.it\/website\/?p=42628"},"modified":"2020-04-21T15:27:21","modified_gmt":"2020-04-21T13:27:21","slug":"iss-al-mare-si-ma-con-cautele-e-distanze","status":"publish","type":"post","link":"https:\/\/www.messinaoggi.it\/website\/2020\/04\/21\/iss-al-mare-si-ma-con-cautele-e-distanze\/","title":{"rendered":"Iss: &quot;Al mare s\u00ec, ma con cautele e distanze&quot;"},"content":{"rendered":"<p>Se la situazione epidemiologica confermasse l\u2019attuale trend di miglioramento, allora ci si augura che gli italiani possano andare in vacanza, ma in questo caso si potrebbe andare in spiaggia ed al mare solo rispettando scrupolosamente il distanziamento sociale\u201d.<br \/>\nIl direttore del Dipartimento malattie infettive dell\u2019Istituto superiore di sanit\u00e0, Gianni Rezza invita, alla prudenza: \u201cPer parlare di vacanze \u00e8 ancora un po\u2019 presto \u2013 afferma \u2013 ed \u00e8 necessaria cautela\u201d.<br \/>\n\u201cSe il trend sar\u00e0 di continuo, ulteriore miglioramento \u2013 spiega l\u2019esperto all\u2019Ansa \u2013 allora si potr\u00e0 pensare alla prospettiva delle ferie estive, ma sempre con estrema cautela e prudenza perch\u00e9 il virus, purtroppo, non scomparir\u00e0\u201d.<br \/>\nIn spiaggia, quindi, \u201cil problema maggiore sar\u00e0 rappresentate proprio dal rispetto del distanziamento sociale. Se andremo al mare, come speriamo, sar\u00e0 quindi essenziale il distanziamento appunto perch\u00e9 il virus continuer\u00e0 a circolare. Ci vorranno dunque pi\u00f9 controlli e vanno pensate modalit\u00e0 di sicurezza, dal numero di ombrelloni a distanza nei lidi, ad esempio, allo scaglionamento delle presenze\u201d.<br \/>\nRiferendosi invece all\u2019acqua marina e alla sabbia, Rezza tranquillizza sottolineando come non vi siano evidenze di trasmissione del SarsCov2 attraverso tali elementi. Il problema \u201ccentrale e sul quale mi focalizzerei \u2013 ribadisce \u2013 resta quello del distanziamento tra le persone, con la priorit\u00e0 di evitare assembramenti\u201d.<br \/>\nLa questione tuttavia \u00e8 \u201ccomplessa \u2013 precisa l\u2019esperto \u2013 e va anche valutato il peso degli spostamenti delle persone da una zona all\u2019altra per raggiungere eventualmente le localit\u00e0 di mare e di vacanza.<br \/>\nCruciale resta l\u2019andamento della curva dei contagi a seconda delle aree e andranno fatte opportune valutazioni\u201d.<div id=\"div-gpt-ad-Messinaoggi.it-DSK-300x250-corpoart\" style=\"text-align:center;margin:0 auto;\"><\/div><\/p>\n<div id=\"videoincontent\" style=\"clear:both\";><\/div>","protected":false},"excerpt":{"rendered":"<p>Se la situazione epidemiologica confermasse l\u2019attuale trend di miglioramento, allora ci si augura che gli italiani possano andare in vacanza, ma in questo caso si potrebbe andare in spiaggia ed al mare solo rispettando scrupolosamente il distanziamento sociale\u201d. Il direttore del Dipartimento malattie infettive dell\u2019Istituto superiore di sanit\u00e0, Gianni Rezza invita, alla prudenza: \u201cPer parlare [&hellip;]<\/p>\n","protected":false},"author":4,"featured_media":42488,"comment_status":"closed","ping_status":"closed","sticky":false,"template":"","format":"standard","meta":{"ub_ctt_via":"","_mi_skip_tracking":false},"categories":[221],"tags":[],"featured_image_src":"https:\/\/www.messinaoggi.it\/website\/wp-content\/uploads\/2020\/04\/LIDI.jpg","author_info":{"display_name":"redme","author_link":"https:\/\/www.messinaoggi.it\/website\/author\/redme\/"},"digistream_id":0,"digistream":false,"_links":{"self":[{"href":"https:\/\/www.messinaoggi.it\/website\/wp-json\/wp\/v2\/posts\/42628"}],"collection":[{"href":"https:\/\/www.messinaoggi.it\/website\/wp-json\/wp\/v2\/posts"}],"about":[{"href":"https:\/\/www.messinaoggi.it\/website\/wp-json\/wp\/v2\/types\/post"}],"author":[{"embeddable":true,"href":"https:\/\/www.messinaoggi.it\/website\/wp-json\/wp\/v2\/users\/4"}],"replies":[{"embeddable":true,"href":"https:\/\/www.messinaoggi.it\/website\/wp-json\/wp\/v2\/comments?post=42628"}],"version-history":[{"count":0,"href":"https:\/\/www.messinaoggi.it\/website\/wp-json\/wp\/v2\/posts\/42628\/revisions"}],"wp:featuredmedia":[{"embeddable":true,"href":"https:\/\/www.messinaoggi.it\/website\/wp-json\/wp\/v2\/media\/42488"}],"wp:attachment":[{"href":"https:\/\/www.messinaoggi.it\/website\/wp-json\/wp\/v2\/media?parent=42628"}],"wp:term":[{"taxonomy":"category","embeddable":true,"href":"https:\/\/www.messinaoggi.it\/website\/wp-json\/wp\/v2\/categories?post=42628"},{"taxonomy":"post_tag","embeddable":true,"href":"https:\/\/www.messinaoggi.it\/website\/wp-json\/wp\/v2\/tags?post=42628"}],"curies":[{"name":"wp","href":"https:\/\/api.w.org\/{rel}","templated":true}]}}