{"id":42496,"date":"2020-04-17T11:31:03","date_gmt":"2020-04-17T09:31:03","guid":{"rendered":"https:\/\/www.messinaoggi.it\/website\/?p=42496"},"modified":"2020-04-17T11:31:03","modified_gmt":"2020-04-17T09:31:03","slug":"amata-a-musumeci-consentire-i-servizi-di-delivery-anche-per-il-25-aprile","status":"publish","type":"post","link":"https:\/\/www.messinaoggi.it\/website\/2020\/04\/17\/amata-a-musumeci-consentire-i-servizi-di-delivery-anche-per-il-25-aprile\/","title":{"rendered":"Amata a Musumeci: &quot;Consentire i servizi di delivery anche per il 25 aprile&quot;"},"content":{"rendered":"<p>\u201c\u00c8 un momento gi\u00e0 fin troppo drammatico per le pmi siciliane per non contemplare le giuste eccezioni alle pur adeguatamente stringenti regole a cui l\u2019emergenza sanitaria in atto ci costringe\u201d. La capogruppo di Fratelli d\u2019Italia all\u2019Ars, Elvira Amata, chiede al governatore regionale Nello Musumeci di consentire i servizi di consegna a domicilio anche per il 25 aprile, festa della liberazione dell&#8217;Italia dal nazi-fascismo che quest&#8217;anno cadr\u00e0 di sabato, in deroga a quanto previsto dalla normativa vigente volta a contrastare il diffondersi del coronavirus. Elvira &#8211; prima firmataria di un apposito ordine del giorno, sottoscritto anche dagli onorevoli Cannata, Galvagno e Lentini e presentato quest\u2019oggi in Aula &#8211; spiega infatti che ci\u00f2 consentirebbe alle imprese sicule di ricevere piccole immissioni di liquidit\u00e0.<br \/>\n\u201cPer questo motivo, &#8211; prosegue Amata &#8211; ho voluto chiedere al governo Musumeci, per il 25 aprile prossimo, giorno nel quale si celebra la liberazione d\u2019Italia, poich\u00e9 cadr\u00e0 di sabato e i servizi di consegna a domicilio saranno vietati, di considerare la possibilit\u00e0 di andare in deroga e consentire i servizi di consegna a domicilio. Il tutto al fine di ricevere piccole immissioni di liquidit\u00e0 che consentano di affrontare, seppur minimamente, le drammatiche conseguenze economiche della chiusura delle attivit\u00e0 al pubblico\u201d.<br \/>\n\u201cVa considerato che la stretta applicazione delle previsioni di cui all\u2019articolo 4 dell\u2019ordinanza contingibile e urgente n. 16 dell\u201911 aprile 2020, impedirebbe qualsiasi possibilit\u00e0 di reddito ai titolari delle attivit\u00e0 per le quali \u00e8 vietato il servizio a domicilio. Ma il buonsenso e il sostegno alle attivit\u00e0 produttive del nostro territorio, ci impone di guardare alla sopravvivenza delle nostre aziende, specie quelle pi\u00f9 piccole e sofferenti, adottando tutte le misure possibili, comprese quelle straordinarie, per dar loro ossigeno\u201d, conclude Amata.<div id=\"div-gpt-ad-Messinaoggi.it-DSK-300x250-corpoart\" style=\"text-align:center;margin:0 auto;\"><\/div><\/p>\n<div id=\"videoincontent\" style=\"clear:both\";><\/div>","protected":false},"excerpt":{"rendered":"<p>\u201c\u00c8 un momento gi\u00e0 fin troppo drammatico per le pmi siciliane per non contemplare le giuste eccezioni alle pur adeguatamente stringenti regole a cui l\u2019emergenza sanitaria in atto ci costringe\u201d. La capogruppo di Fratelli d\u2019Italia all\u2019Ars, Elvira Amata, chiede al governatore regionale Nello Musumeci di consentire i servizi di consegna a domicilio anche per il [&hellip;]<\/p>\n","protected":false},"author":8,"featured_media":1623,"comment_status":"closed","ping_status":"closed","sticky":false,"template":"","format":"standard","meta":{"ub_ctt_via":"","_mi_skip_tracking":false},"categories":[11],"tags":[],"featured_image_src":"https:\/\/www.messinaoggi.it\/website\/wp-content\/uploads\/2017\/06\/Amata-Elvira-1-2.jpg","author_info":{"display_name":"red..me","author_link":"https:\/\/www.messinaoggi.it\/website\/author\/redstage\/"},"digistream_id":0,"digistream":false,"_links":{"self":[{"href":"https:\/\/www.messinaoggi.it\/website\/wp-json\/wp\/v2\/posts\/42496"}],"collection":[{"href":"https:\/\/www.messinaoggi.it\/website\/wp-json\/wp\/v2\/posts"}],"about":[{"href":"https:\/\/www.messinaoggi.it\/website\/wp-json\/wp\/v2\/types\/post"}],"author":[{"embeddable":true,"href":"https:\/\/www.messinaoggi.it\/website\/wp-json\/wp\/v2\/users\/8"}],"replies":[{"embeddable":true,"href":"https:\/\/www.messinaoggi.it\/website\/wp-json\/wp\/v2\/comments?post=42496"}],"version-history":[{"count":0,"href":"https:\/\/www.messinaoggi.it\/website\/wp-json\/wp\/v2\/posts\/42496\/revisions"}],"wp:featuredmedia":[{"embeddable":true,"href":"https:\/\/www.messinaoggi.it\/website\/wp-json\/wp\/v2\/media\/1623"}],"wp:attachment":[{"href":"https:\/\/www.messinaoggi.it\/website\/wp-json\/wp\/v2\/media?parent=42496"}],"wp:term":[{"taxonomy":"category","embeddable":true,"href":"https:\/\/www.messinaoggi.it\/website\/wp-json\/wp\/v2\/categories?post=42496"},{"taxonomy":"post_tag","embeddable":true,"href":"https:\/\/www.messinaoggi.it\/website\/wp-json\/wp\/v2\/tags?post=42496"}],"curies":[{"name":"wp","href":"https:\/\/api.w.org\/{rel}","templated":true}]}}