{"id":42494,"date":"2020-04-17T11:11:03","date_gmt":"2020-04-17T09:11:03","guid":{"rendered":"https:\/\/www.messinaoggi.it\/website\/?p=42494"},"modified":"2020-04-17T11:11:03","modified_gmt":"2020-04-17T09:11:03","slug":"fase-2-si-riunisce-il-comitato-scientifico-regionale","status":"publish","type":"post","link":"https:\/\/www.messinaoggi.it\/website\/2020\/04\/17\/fase-2-si-riunisce-il-comitato-scientifico-regionale\/","title":{"rendered":"Fase 2, si riunisce il Comitato scientifico regionale"},"content":{"rendered":"<p style=\"text-align: justify\">Anche in Sicilia si comincia a parlare di fase 2, cio\u00e8 di quella fase che prevede un graduale ritorno alla normalit\u00e0 dopo il blocco del paese per via dell\u2019emergenza coronavirus. Il governatore regionale Nello Musumeci ha infatti richiesto al Comitato tecnico-scientifico regionale di riunirsi in seduta permanente per dare i propri pareri, comprovati da basi scientifiche, su come far ripartire le aziende dell\u2019Isola nella sicurezza pi\u00f9 totale.<div id=\"div-gpt-ad-Messinaoggi.it-DSK-300x250-corpoart\" style=\"text-align:center;margin:0 auto;\"><\/div><\/p>\n<p style=\"text-align: justify\">Sulla base delle risultanze che di volta in volta fornir\u00e0 il comitato, che sar\u00e0 coordinato dal commissario Antonio Candela, la Regione Siciliana assumer\u00e0 le decisioni per allinearsi al vigente Dpcm e valuter\u00e0, gi\u00e0 per i prossimi giorni, l&#8217;adozione di ulteriori misure per alleggerire le attuali restrizioni.<div id=\"videoincontent\" style=\"clear:both\";><\/div><\/p>\n","protected":false},"excerpt":{"rendered":"<p>Anche in Sicilia si comincia a parlare di fase 2, cio\u00e8 di quella fase che prevede un graduale ritorno alla normalit\u00e0 dopo il blocco del paese per via dell\u2019emergenza coronavirus. Il governatore regionale Nello Musumeci ha infatti richiesto al Comitato tecnico-scientifico regionale di riunirsi in seduta permanente per dare i propri pareri, comprovati da basi [&hellip;]<\/p>\n","protected":false},"author":8,"featured_media":34355,"comment_status":"closed","ping_status":"closed","sticky":false,"template":"","format":"standard","meta":{"ub_ctt_via":"","_mi_skip_tracking":false},"categories":[6],"tags":[],"featured_image_src":"https:\/\/www.messinaoggi.it\/website\/wp-content\/uploads\/2019\/06\/155EE622-7229-4993-B173-7CE187EA8D9C.jpeg","author_info":{"display_name":"red..me","author_link":"https:\/\/www.messinaoggi.it\/website\/author\/redstage\/"},"digistream_id":0,"digistream":false,"_links":{"self":[{"href":"https:\/\/www.messinaoggi.it\/website\/wp-json\/wp\/v2\/posts\/42494"}],"collection":[{"href":"https:\/\/www.messinaoggi.it\/website\/wp-json\/wp\/v2\/posts"}],"about":[{"href":"https:\/\/www.messinaoggi.it\/website\/wp-json\/wp\/v2\/types\/post"}],"author":[{"embeddable":true,"href":"https:\/\/www.messinaoggi.it\/website\/wp-json\/wp\/v2\/users\/8"}],"replies":[{"embeddable":true,"href":"https:\/\/www.messinaoggi.it\/website\/wp-json\/wp\/v2\/comments?post=42494"}],"version-history":[{"count":0,"href":"https:\/\/www.messinaoggi.it\/website\/wp-json\/wp\/v2\/posts\/42494\/revisions"}],"wp:featuredmedia":[{"embeddable":true,"href":"https:\/\/www.messinaoggi.it\/website\/wp-json\/wp\/v2\/media\/34355"}],"wp:attachment":[{"href":"https:\/\/www.messinaoggi.it\/website\/wp-json\/wp\/v2\/media?parent=42494"}],"wp:term":[{"taxonomy":"category","embeddable":true,"href":"https:\/\/www.messinaoggi.it\/website\/wp-json\/wp\/v2\/categories?post=42494"},{"taxonomy":"post_tag","embeddable":true,"href":"https:\/\/www.messinaoggi.it\/website\/wp-json\/wp\/v2\/tags?post=42494"}],"curies":[{"name":"wp","href":"https:\/\/api.w.org\/{rel}","templated":true}]}}