{"id":42425,"date":"2020-04-15T12:24:06","date_gmt":"2020-04-15T10:24:06","guid":{"rendered":"https:\/\/www.messinaoggi.it\/website\/?p=42425"},"modified":"2020-04-15T12:24:06","modified_gmt":"2020-04-15T10:24:06","slug":"la-formazione-riparta-con-la-didattica-a-distanza","status":"publish","type":"post","link":"https:\/\/www.messinaoggi.it\/website\/2020\/04\/15\/la-formazione-riparta-con-la-didattica-a-distanza\/","title":{"rendered":"&quot;La Formazione riparta con la didattica a distanza&quot;"},"content":{"rendered":"<p>\u201cE\u2019 necessario far ripartire la formazione con la didattica a distanza\u201d. Le Organizzazioni datoriali sulla formazione professionale in videoconferenza hanno incontrato l\u2019assessore regionale all\u2019Istruzione Roberto Lagalla per parlare della crisi del settore in Sicilia.<br \/>\n\u201cAbbiamo chiesto ulteriori disposizioni che tengano conto delle diversit\u00e0 esistenti tra i percorsi della IeFP, quelli rivolti agli adulti (avviso 2) e i cosiddetti detti corsi liberi (autofinanziati). I primi, cio\u00e8 la filiera dell\u2019obbligo di istruzione, ha bisogno di regole pi\u00f9 snelle analoghe a quelle gi\u00e0 adottate in ambito nazionale per il sistema scolastico, introducendo modalit\u00e0 asincrone (differite) in una quota significativa e a completamento di quelle sincrone (dirette) gi\u00e0 autorizzate, con la possibilit\u00e0 di svolgere le attivit\u00e0 pratiche tramite il project work, lo smart working e l\u2019impresa formativa simulata, ovvero permettendo, ove occorra, di concludere l\u2019anno in corso con un maggior numero di ore di teoria per recuperare l\u2019anno successivo quelle appunto di pratica\u201d.<br \/>\nSecondo le organizzazioni \u201ctrattandosi di una didattica per competenze \u00e8 necessario consentire al collegio dei docenti la dichiarazione di avvenuto raggiungimento da parte di ciascun allievo per l\u2019anno corrente degli obbiettivi formativi riprogrammati alla luce dell\u2019emergenza Covid-19, previa somministrazione di verifiche intermedie e finali\u201d.<br \/>\n\u201cAbbiamo rappresentato alla politica \u2013 proseguono \u2013 l\u2019esigenza di norme certe, esaustive<br \/>\ne che consentano agli allievi di completare tutte le ore calendarizzate per l\u2019anno in corso, nel rispetto della loro naturale scadenza o, al massimo, nella prima decade di luglio, permettendo cos\u00ec alle istituzioni formative dell\u2019isola di non ricorrere agli ammortizzatori sociali, garantendo continuit\u00e0 al sistema, economizzando sui predetti strumenti\u201d.<br \/>\nInfine, \u201cvisto che in massima parte l\u2019utenza versa in condizioni socio-economiche particolarmente disagiate, abbiamo chiesto di avvantaggiare urgentemente le famiglie dei nostri allievi tramite la stipula di convenzioni con i gestori di telefonia per il collegamento dati e per dotarli di dispositivi informatici che consentano loro di seguire le lezioni a distanza\u201d.<div id=\"div-gpt-ad-Messinaoggi.it-DSK-300x250-corpoart\" style=\"text-align:center;margin:0 auto;\"><\/div><\/p>\n<div id=\"videoincontent\" style=\"clear:both\";><\/div>","protected":false},"excerpt":{"rendered":"<p>\u201cE\u2019 necessario far ripartire la formazione con la didattica a distanza\u201d. Le Organizzazioni datoriali sulla formazione professionale in videoconferenza hanno incontrato l\u2019assessore regionale all\u2019Istruzione Roberto Lagalla per parlare della crisi del settore in Sicilia. \u201cAbbiamo chiesto ulteriori disposizioni che tengano conto delle diversit\u00e0 esistenti tra i percorsi della IeFP, quelli rivolti agli adulti (avviso 2) [&hellip;]<\/p>\n","protected":false},"author":4,"featured_media":15032,"comment_status":"closed","ping_status":"closed","sticky":false,"template":"","format":"standard","meta":{"ub_ctt_via":"","_mi_skip_tracking":false},"categories":[7],"tags":[],"featured_image_src":"https:\/\/www.messinaoggi.it\/website\/wp-content\/uploads\/2018\/01\/bimba-al-pc-camuffata-messinaoggi-1.jpg","author_info":{"display_name":"redme","author_link":"https:\/\/www.messinaoggi.it\/website\/author\/redme\/"},"digistream_id":0,"digistream":false,"_links":{"self":[{"href":"https:\/\/www.messinaoggi.it\/website\/wp-json\/wp\/v2\/posts\/42425"}],"collection":[{"href":"https:\/\/www.messinaoggi.it\/website\/wp-json\/wp\/v2\/posts"}],"about":[{"href":"https:\/\/www.messinaoggi.it\/website\/wp-json\/wp\/v2\/types\/post"}],"author":[{"embeddable":true,"href":"https:\/\/www.messinaoggi.it\/website\/wp-json\/wp\/v2\/users\/4"}],"replies":[{"embeddable":true,"href":"https:\/\/www.messinaoggi.it\/website\/wp-json\/wp\/v2\/comments?post=42425"}],"version-history":[{"count":0,"href":"https:\/\/www.messinaoggi.it\/website\/wp-json\/wp\/v2\/posts\/42425\/revisions"}],"wp:featuredmedia":[{"embeddable":true,"href":"https:\/\/www.messinaoggi.it\/website\/wp-json\/wp\/v2\/media\/15032"}],"wp:attachment":[{"href":"https:\/\/www.messinaoggi.it\/website\/wp-json\/wp\/v2\/media?parent=42425"}],"wp:term":[{"taxonomy":"category","embeddable":true,"href":"https:\/\/www.messinaoggi.it\/website\/wp-json\/wp\/v2\/categories?post=42425"},{"taxonomy":"post_tag","embeddable":true,"href":"https:\/\/www.messinaoggi.it\/website\/wp-json\/wp\/v2\/tags?post=42425"}],"curies":[{"name":"wp","href":"https:\/\/api.w.org\/{rel}","templated":true}]}}