{"id":42419,"date":"2020-04-15T11:44:03","date_gmt":"2020-04-15T09:44:03","guid":{"rendered":"https:\/\/www.messinaoggi.it\/website\/?p=42419"},"modified":"2020-04-15T11:44:03","modified_gmt":"2020-04-15T09:44:03","slug":"finanziaria-lega-il-nostro-sostegno-non-sara-scontato","status":"publish","type":"post","link":"https:\/\/www.messinaoggi.it\/website\/2020\/04\/15\/finanziaria-lega-il-nostro-sostegno-non-sara-scontato\/","title":{"rendered":"Finanziaria, Lega: &quot;Il nostro sostegno non sar\u00e0 scontato&quot;"},"content":{"rendered":"<p>\u201cCome gruppo parlamentare non retrocederemo di un centimetro nel vigilare sul rispetto di determinati paletti durante i lavori della finanziaria, che non possono essere disattesi, soprattutto in un momento cos\u00ec delicato\u201d. Questa la dichiarazione del capogruppo della Lega all\u2019Ars, Antonio Catalfamo. \u201cNoi pretendiamo che nel testo della finanziaria regionale non vi sia traccia, nemmeno minima,\u00a0che non riguardi strettamente l\u2019emergenza covid, a parte le coperture indispensabili per il funzionamento dell\u2019apparato pubblico regionale. \u2013 prosegue Catalfamo \u2013 Vivisezioneremo il testo, e sia chiaro a priori che proporremo di sopprimere tutto ci\u00f2 che non sia strettamente attinente ai problemi generati dall\u2019epidemia in corso.\u00a0Non apprezzeremmo l\u2019uso spasmodico di norme cornice onnicomprensive, a cui debbano seguire decreti attuativi.<br \/>\n\u201c\u00c8 alto, a nostro avviso, il rischio che affidare a decreti successivi le attuazioni normative faccia accedere i cittadini agli ammortizzatori sociali con ancora pi\u00f9 ritardo di quelli nazionali, come gi\u00e0 sta avvenendo per i primi 100 mln stanziati dalla Regione per le famiglie, impantanati dalla burocrazia. Semmai dovessero sopravvivere decreti attuativi successivi precisiamo da subito che esigeremo che passino dal parere vincolante delle commissioni di merito parlamentare. Che nessuno pensi di poter dribblare il Parlamento regionale e le apposite commissioni! Se malauguratamente dovesse essere confermata questa impostazione dilatoria e generica si sappia gi\u00e0 da adesso che non rinunceremo in nessun modo a proporre emendamenti per i settori e le categorie che dovessero risultare scoperti, come ad esempio, stando almeno ai primi confronti con il governo, il Turismo e l\u2019agricoltura.<br \/>\n\u201cServe inoltre pi\u00f9 coraggio, come per esempio sulla cassa integrazione in deroga per le imprese artigiane o sulle sospensioni dei canoni e imposte, che devono diventare soppressioni e valere per periodi pi\u00f9 prolungati. Una manovra regionale cos\u00ec pensata &#8211; conclude il deputato regionale &#8211; peser\u00e0 miliardi di euro ed \u00e8 in questa fase che vorremmo dialogare col governo regionale. Non si pensi di rimandare questo dialogo a successive finestre normative, perch\u00e9 ci\u00f2 avrebbe il sapore della replica dei collegati alla finanziaria 2019, una rappresentazione gi\u00e0 manifestatasi fallimentare e che i siciliani e chi li rappresenta non meriterebbero di dover nuovamente sopportare\u201d.<div id=\"div-gpt-ad-Messinaoggi.it-DSK-300x250-corpoart\" style=\"text-align:center;margin:0 auto;\"><\/div><\/p>\n<div id=\"videoincontent\" style=\"clear:both\";><\/div>","protected":false},"excerpt":{"rendered":"<p>\u201cCome gruppo parlamentare non retrocederemo di un centimetro nel vigilare sul rispetto di determinati paletti durante i lavori della finanziaria, che non possono essere disattesi, soprattutto in un momento cos\u00ec delicato\u201d. Questa la dichiarazione del capogruppo della Lega all\u2019Ars, Antonio Catalfamo. \u201cNoi pretendiamo che nel testo della finanziaria regionale non vi sia traccia, nemmeno minima,\u00a0che [&hellip;]<\/p>\n","protected":false},"author":8,"featured_media":12824,"comment_status":"closed","ping_status":"closed","sticky":false,"template":"","format":"standard","meta":{"ub_ctt_via":"","_mi_skip_tracking":false},"categories":[11],"tags":[],"featured_image_src":"https:\/\/www.messinaoggi.it\/website\/wp-content\/uploads\/2017\/12\/Antonio-Catalfamo.jpeg","author_info":{"display_name":"red..me","author_link":"https:\/\/www.messinaoggi.it\/website\/author\/redstage\/"},"digistream_id":0,"digistream":false,"_links":{"self":[{"href":"https:\/\/www.messinaoggi.it\/website\/wp-json\/wp\/v2\/posts\/42419"}],"collection":[{"href":"https:\/\/www.messinaoggi.it\/website\/wp-json\/wp\/v2\/posts"}],"about":[{"href":"https:\/\/www.messinaoggi.it\/website\/wp-json\/wp\/v2\/types\/post"}],"author":[{"embeddable":true,"href":"https:\/\/www.messinaoggi.it\/website\/wp-json\/wp\/v2\/users\/8"}],"replies":[{"embeddable":true,"href":"https:\/\/www.messinaoggi.it\/website\/wp-json\/wp\/v2\/comments?post=42419"}],"version-history":[{"count":0,"href":"https:\/\/www.messinaoggi.it\/website\/wp-json\/wp\/v2\/posts\/42419\/revisions"}],"wp:featuredmedia":[{"embeddable":true,"href":"https:\/\/www.messinaoggi.it\/website\/wp-json\/wp\/v2\/media\/12824"}],"wp:attachment":[{"href":"https:\/\/www.messinaoggi.it\/website\/wp-json\/wp\/v2\/media?parent=42419"}],"wp:term":[{"taxonomy":"category","embeddable":true,"href":"https:\/\/www.messinaoggi.it\/website\/wp-json\/wp\/v2\/categories?post=42419"},{"taxonomy":"post_tag","embeddable":true,"href":"https:\/\/www.messinaoggi.it\/website\/wp-json\/wp\/v2\/tags?post=42419"}],"curies":[{"name":"wp","href":"https:\/\/api.w.org\/{rel}","templated":true}]}}