{"id":42405,"date":"2020-04-15T10:15:29","date_gmt":"2020-04-15T08:15:29","guid":{"rendered":"https:\/\/www.messinaoggi.it\/website\/?p=42405"},"modified":"2020-04-15T10:15:29","modified_gmt":"2020-04-15T08:15:29","slug":"torna-da-roma-il-14-marzo-si-autodenuncia-poi-il-tampone-ora-e-recluso-a-giardini","status":"publish","type":"post","link":"https:\/\/www.messinaoggi.it\/website\/2020\/04\/15\/torna-da-roma-il-14-marzo-si-autodenuncia-poi-il-tampone-ora-e-recluso-a-giardini\/","title":{"rendered":"Torna da Roma il 14 marzo, si autodenuncia, fa il tampone, ora \u00e8 recluso a Giardini"},"content":{"rendered":"<p>Arrivano continue segnalazioni di cittadini che, rientrati in Sicilia per ragioni di necessit\u00e0, si trovano a dover vivere un\u2019odissea tra iter burocratici e ritardi cronici delle autorit\u00e0 preposte a gestire l\u2019emergenza. Lo denuncia il Codacons.<br \/>\nTra le segnalazioni provoca incredulit\u00e0, la vicenda di un professionista catanese che, rientrato in Sicilia da Roma il 14 marzo, si trova ancora in isolamento fiduciario\u00a0 a Giardini Naxos senza possibilit\u00e0 di conoscere la data in cui potr\u00e0 uscire di casa, anche solo per poter andare a fare la spesa, come qualsivoglia altro cittadino in questo momento.<br \/>\nLo stesso racconta che, 14 giorni dopo il suo arrivo e dopo aver compiuto tutte le formalit\u00e0 richieste per l\u2019autodenuncia al Comune di\u00a0 Giardini\u00a0 e al medico sanitario, oltre ed essersi registrato al portale messo a disposizione dalla Regione Siciliana per la geolocalizzazione, \u00e8 stato contattato dalla Protezione civile per eseguire un tampone al fine di vagliare la sua positivit\u00e0.<br \/>\nIl cittadino, dopo essersi sottoposto al tampone, racconta di esser stato rassicurato del fatto che una volta ottenuto l\u2019esito \u2013 al pi\u00f9 tardi nelle 48 ore successive \u2013 avrebbe potuto cessare l\u2019isolamento fiduciario, qualora fosse risultato negativo.<br \/>\nSennonch\u00e9, il professionista denuncia che &#8220;da allora sono passati 16 giorni, non ho avuto alcun esito del tampone e mi trovo dunque ancora in quarantena, in una sorta di arresti domiciliari. Ho provato in tutti i modi per vie telefoniche ad avere informazioni riguardo il mio tampone, senza alcun risultato\u201d.<br \/>\nA rendere la vicenda ancora pi\u00f9 odiosa, \u00e8 lo scaricabarile di responsabilit\u00e0 in ordine all\u2019esito del tampone da parte delle autorit\u00e0 competenti. Se il capo della Protezione civile locale sostiene che la responsabilit\u00e0 dei mancati risultati sia da attribuire all\u2019assenza di reagenti e, pi\u00f9 in generale, all\u2019ASP, quest\u2019ultima sostiene che nel database dell\u2019ospedale non figura il nome del paziente e che la responsabilit\u00e0 in ordine alla vicenda \u00e8 da attribuire esclusivamente al Comune.<br \/>\nIl cittadino conclude che \u201canche se \u00e8 vero che i ragazzi della Protezione civile mi procurano i beni di prima necessit\u00e0 (acqua, pane, carne, pasta e qualche condimento), avendo speso quasi un mese in totale isolamento e senza avere mai manifestato alcun accenno di sintomo riconducibile al virus, tutto quello che chiedo \u00e8 di poter vantare gli stessi &#8211; pochi &#8211; diritti che hanno tutti gli altri cittadini in questo momento di grave crisi globale, per renderlo un minimo pi\u00f9 sostenibile\u201d.<br \/>\nIl Codacons, nel denunciare questi fenomeni di malasanit\u00e0 e di cattiva gestione dell\u2019emergenza, invita tutti coloro i quali stiano vivendo momenti simili a quello appena descritto di segnalarlo all\u2019associazione, attraverso i canali messi a disposizione per l\u2019emergenza via mail\u00a0<a href=\"mailto:sportello@codaconsicilia.it\">sportello@codaconsicilia.it<\/a>\u00a0o tramite\u00a0WhatsApp 095441010.<div id=\"div-gpt-ad-Messinaoggi.it-DSK-300x250-corpoart\" style=\"text-align:center;margin:0 auto;\"><\/div><\/p>\n<div id=\"videoincontent\" style=\"clear:both\";><\/div>","protected":false},"excerpt":{"rendered":"<p>Arrivano continue segnalazioni di cittadini che, rientrati in Sicilia per ragioni di necessit\u00e0, si trovano a dover vivere un\u2019odissea tra iter burocratici e ritardi cronici delle autorit\u00e0 preposte a gestire l\u2019emergenza. Lo denuncia il Codacons. Tra le segnalazioni provoca incredulit\u00e0, la vicenda di un professionista catanese che, rientrato in Sicilia da Roma il 14 marzo, [&hellip;]<\/p>\n","protected":false},"author":4,"featured_media":5916,"comment_status":"closed","ping_status":"closed","sticky":false,"template":"","format":"standard","meta":{"ub_ctt_via":"","_mi_skip_tracking":false},"categories":[221],"tags":[],"featured_image_src":"https:\/\/www.messinaoggi.it\/website\/wp-content\/uploads\/2017\/08\/20150722143049_comunegiardini-2.jpg","author_info":{"display_name":"redme","author_link":"https:\/\/www.messinaoggi.it\/website\/author\/redme\/"},"digistream_id":0,"digistream":false,"_links":{"self":[{"href":"https:\/\/www.messinaoggi.it\/website\/wp-json\/wp\/v2\/posts\/42405"}],"collection":[{"href":"https:\/\/www.messinaoggi.it\/website\/wp-json\/wp\/v2\/posts"}],"about":[{"href":"https:\/\/www.messinaoggi.it\/website\/wp-json\/wp\/v2\/types\/post"}],"author":[{"embeddable":true,"href":"https:\/\/www.messinaoggi.it\/website\/wp-json\/wp\/v2\/users\/4"}],"replies":[{"embeddable":true,"href":"https:\/\/www.messinaoggi.it\/website\/wp-json\/wp\/v2\/comments?post=42405"}],"version-history":[{"count":0,"href":"https:\/\/www.messinaoggi.it\/website\/wp-json\/wp\/v2\/posts\/42405\/revisions"}],"wp:featuredmedia":[{"embeddable":true,"href":"https:\/\/www.messinaoggi.it\/website\/wp-json\/wp\/v2\/media\/5916"}],"wp:attachment":[{"href":"https:\/\/www.messinaoggi.it\/website\/wp-json\/wp\/v2\/media?parent=42405"}],"wp:term":[{"taxonomy":"category","embeddable":true,"href":"https:\/\/www.messinaoggi.it\/website\/wp-json\/wp\/v2\/categories?post=42405"},{"taxonomy":"post_tag","embeddable":true,"href":"https:\/\/www.messinaoggi.it\/website\/wp-json\/wp\/v2\/tags?post=42405"}],"curies":[{"name":"wp","href":"https:\/\/api.w.org\/{rel}","templated":true}]}}