{"id":42376,"date":"2020-04-14T10:33:05","date_gmt":"2020-04-14T08:33:05","guid":{"rendered":"https:\/\/www.messinaoggi.it\/website\/?p=42376"},"modified":"2020-04-14T10:33:05","modified_gmt":"2020-04-14T08:33:05","slug":"corteo-funebre-fratello-ex-boss-de-luca-la-mafia-mi-fa-schifo","status":"publish","type":"post","link":"https:\/\/www.messinaoggi.it\/website\/2020\/04\/14\/corteo-funebre-fratello-ex-boss-de-luca-la-mafia-mi-fa-schifo\/","title":{"rendered":"Corteo funebre fratello ex boss, De Luca: &quot;La mafia mi fa schifo&quot;"},"content":{"rendered":"<p style=\"text-align: justify\">&#8220;Ieri ho approfondito per la prima volta con l&#8217;ufficio di gabinetto del Questore una vicenda appresa dalla stampa. I particolari non li posso svelare, posso soltanto ribadire che sono sempre stato lontano dagli ambienti mafiosi ed ho sempre combattuto ogni forma di mafia. Se avessi avuto contezza di questa vicenda avrei agito prontamente come sono solito fare. Non voglio nessun ringraziamento. La mafia mi ha sempre fatto schifo, come ogni qualsiasi altra forma di sopruso&#8221;. Il sindaco Cateno De Luca continua a prendere le distanze dal presunto corteo funebre che sabato scorso, con un centinaio di persone a bordo di moto, avrebbe accompagnato il feretro del fratello dell\u2019ex boss Luigi Sparacio.<div id=\"div-gpt-ad-Messinaoggi.it-DSK-300x250-corpoart\" style=\"text-align:center;margin:0 auto;\"><\/div><\/p>\n<blockquote class=\"wp-embedded-content\" data-secret=\"7Y29sofbq2\"><p><a href=\"https:\/\/www.messinaoggi.it\/website\/2020\/04\/13\/corteo-funebre-fratello-ex-boss-de-luca-si-difende\/\">Corteo funebre fratello ex boss, De Luca si difende<\/a><div id=\"videoincontent\" style=\"clear:both\";><\/div><\/p><\/blockquote>\n<p><iframe class=\"wp-embedded-content\" sandbox=\"allow-scripts\" security=\"restricted\" style=\"position: absolute; clip: rect(1px, 1px, 1px, 1px);\" title=\"&#8220;Corteo funebre fratello ex boss, De Luca si difende&#8221; &#8212; Messina Oggi\" src=\"https:\/\/www.messinaoggi.it\/website\/2020\/04\/13\/corteo-funebre-fratello-ex-boss-de-luca-si-difende\/embed\/#?secret=7Y29sofbq2\" data-secret=\"7Y29sofbq2\" width=\"500\" height=\"282\" frameborder=\"0\" marginwidth=\"0\" marginheight=\"0\" scrolling=\"no\"><\/iframe><\/p>\n<p style=\"text-align: justify\">&#8220;Non ho altro da aggiungere &#8211; conclude il primo cittadino &#8211; anche perch\u00e9 non intendo alimentare gli ipocriti professionisti della finta antimafia, la quale si combatte con la buona e sana Amministrazione e non con certi blasonati convegni o comunicati stampa, utili solo a lavarsi la coscienza per non aver mai fatto nulla di concreto nella lotta al malaffare. La citt\u00e0 di Messina non merita di subire queste umiliazioni, soprattutto oggi che ha dimostrato di essere stata compatta nel rispetto delle regole&#8221;.<\/p>\n<p style=\"text-align: justify\"><strong>Le reazioni. <\/strong>Intanto la vicenda in questione ha suscitato numerose polemiche da parte di pi\u00f9 esponenti politici, regionali e nazionali, che adesso chiedono al sindaco di fare maggiore chiarezza su tale vicenda.<\/p>\n<p style=\"text-align: justify\"><strong>D\u2019Uva: \u201cFatto gravissimo\u201d.<\/strong> Il deputato questore e portavoce del Movimento 5 Stelle alla Camera Francesco D&#8217;Uva ha parlato al riguardo di fatto gravissimo: \u201cHo avuto conferma di quanto riportato dalla stampa: giorni fa a Messina si \u00e8 svolto il corteo funebre del fratello di un pentito di mafia. \u00c8 gravissimo. Chi si fa garante dei messinesi sullo Stretto lo faccia anche sul territorio comunale. Si faccia chiarezza, senza distinzioni&#8221;.<\/p>\n<p style=\"text-align: justify\"><strong>D\u2019Angelo: \u201cPagina bruttissima per la citt\u00e0\u201d.<\/strong> La senatrice del M5S Grazia D\u2019Angelo \u00e8 sulla stessa lunghezza d\u2019onda del collega di partito alla Camera: \u201cSul corteo funebre del fratello del boss \u00e8 necessario che venga fatta chiarezza al pi\u00f9 presto dagli organi preposti. La politica non sta facendo alcuna speculazione ai danni di Messina e del primo cittadino, ma vogliamo, anzi, che la comunit\u00e0 messinese venga tutelata e messa a conoscenza di questi fatti che, se confermati, rappresenterebbero una pagina bruttissima per la nostra citt\u00e0\u201d.<\/p>\n<p style=\"text-align: justify\"><strong>Fava: \u201cDa De Luca solo silenzio\u201d.<\/strong> Il presidente della commissione antimafia dell\u2019Ars Claudio Fava si \u00e8 scagliato contro De Luca, accusandolo di non aver sollevato alcun polverone mediatico, diversamente da quanto \u00e8 solito fare, con riferimento a questa vicenda: \u201cMentre in Italia non si celebrano funerali nei matrimoni, com&#8217;\u00e8 possibile che a Messina in cento abbiano accompagnato al cimitero il fratello di un capomafia? Dietro il feretro di Rosario Sparacio, fratello del boss Luigi, sabato pomeriggio c&#8217;erano auto, moto, amici&#8230;\u00a0 Dal sindaco Cateno De Luca, sempre pronto a rumoreggiare con la fascia tricolore al petto, stavolta solo silenzio\u201d.<\/p>\n<p style=\"text-align: justify\"><strong>De Domenico: \u201cForze dell\u2019ordine e magistratura intervengano per individuare i responsabili\u201d.<\/strong> Intanto il deputato dem all\u2019Ars Franco De Domenico ha lanciato un appello alle forze dell\u2019ordine e alla magistratura affinch\u00e9 intervengano per risalire ad eventuali responsabili: \u201cLa vicenda del corteo funebre svoltosi nei giorni scorsi a Messina, proprio per le persone coinvolte, a mio avviso, merita adeguate e approfondite verifiche da parte delle forze dell&#8217;ordine e della magistratura. Ritengo, infatti, che i cittadini messinesi, abbiano il diritto di conoscere i fatti e sapere se questo episodio, unico del genere in citt\u00e0 in questa fase emergenziale, era a conoscenza delle autorit\u00e0 e se sia stato tollerato o meno, individuando eventuali responsabilit\u00e0\u201d.<\/p>\n","protected":false},"excerpt":{"rendered":"<p>&#8220;Ieri ho approfondito per la prima volta con l&#8217;ufficio di gabinetto del Questore una vicenda appresa dalla stampa. I particolari non li posso svelare, posso soltanto ribadire che sono sempre stato lontano dagli ambienti mafiosi ed ho sempre combattuto ogni forma di mafia. Se avessi avuto contezza di questa vicenda avrei agito prontamente come sono [&hellip;]<\/p>\n","protected":false},"author":8,"featured_media":41196,"comment_status":"closed","ping_status":"closed","sticky":false,"template":"","format":"standard","meta":{"ub_ctt_via":"","_mi_skip_tracking":false},"categories":[4],"tags":[],"featured_image_src":"https:\/\/www.messinaoggi.it\/website\/wp-content\/uploads\/2020\/03\/cateno-de-luca-al-centro-operativo-comunale-4.jpg","author_info":{"display_name":"red..me","author_link":"https:\/\/www.messinaoggi.it\/website\/author\/redstage\/"},"digistream_id":0,"digistream":false,"_links":{"self":[{"href":"https:\/\/www.messinaoggi.it\/website\/wp-json\/wp\/v2\/posts\/42376"}],"collection":[{"href":"https:\/\/www.messinaoggi.it\/website\/wp-json\/wp\/v2\/posts"}],"about":[{"href":"https:\/\/www.messinaoggi.it\/website\/wp-json\/wp\/v2\/types\/post"}],"author":[{"embeddable":true,"href":"https:\/\/www.messinaoggi.it\/website\/wp-json\/wp\/v2\/users\/8"}],"replies":[{"embeddable":true,"href":"https:\/\/www.messinaoggi.it\/website\/wp-json\/wp\/v2\/comments?post=42376"}],"version-history":[{"count":0,"href":"https:\/\/www.messinaoggi.it\/website\/wp-json\/wp\/v2\/posts\/42376\/revisions"}],"wp:featuredmedia":[{"embeddable":true,"href":"https:\/\/www.messinaoggi.it\/website\/wp-json\/wp\/v2\/media\/41196"}],"wp:attachment":[{"href":"https:\/\/www.messinaoggi.it\/website\/wp-json\/wp\/v2\/media?parent=42376"}],"wp:term":[{"taxonomy":"category","embeddable":true,"href":"https:\/\/www.messinaoggi.it\/website\/wp-json\/wp\/v2\/categories?post=42376"},{"taxonomy":"post_tag","embeddable":true,"href":"https:\/\/www.messinaoggi.it\/website\/wp-json\/wp\/v2\/tags?post=42376"}],"curies":[{"name":"wp","href":"https:\/\/api.w.org\/{rel}","templated":true}]}}