{"id":42375,"date":"2020-04-14T10:13:40","date_gmt":"2020-04-14T08:13:40","guid":{"rendered":"https:\/\/www.messinaoggi.it\/website\/?p=42375"},"modified":"2020-04-14T10:13:40","modified_gmt":"2020-04-14T08:13:40","slug":"comitato-salviamo-galati-messa-in-sicurezza-non-tempestiva-oltre-al-danno-la-beffa","status":"publish","type":"post","link":"https:\/\/www.messinaoggi.it\/website\/2020\/04\/14\/comitato-salviamo-galati-messa-in-sicurezza-non-tempestiva-oltre-al-danno-la-beffa\/","title":{"rendered":"Comitato Salviamo Galati: &quot;Messa in sicurezza non tempestiva, oltre al danno la beffa&quot;"},"content":{"rendered":"<p align=\"justify\">&#8220;Oltre il danno, la beffa&#8221;. Dopo il grido d\u2019allarme lanciato a pi\u00f9 riprese negli scorsi mesi per portare all\u2019attenzione dell\u2019opinione pubblica i danni subiti dalle abitazioni a causa delle mareggiate, l\u2019ultima delle quali si \u00e8 verificata lo scorso 25 marzo, i membri del Comitato \u201cSalviamo Galati Marina\u201d chiamano in causa l\u2019Amministrazione comunale in merito alle recenti ordinanze di sgombero e alle denunce a carico dei residenti del villaggio marino, annunciando di essere pronti a portare avanti la loro battaglia in tutte le opportune sedi.<div id=\"div-gpt-ad-Messinaoggi.it-DSK-300x250-corpoart\" style=\"text-align:center;margin:0 auto;\"><\/div><\/p>\n<p align=\"justify\">&#8220;Mentre gli uomini della Polizia municipale notificavano un\u2019ordinanza di sgombero, un malcapitato cittadino, adesso difeso dall\u2019avv. Luigi Giacobbe, \u00e8 stato denunciato per aver tentato di salvaguardare la propria incolumit\u00e0 con la riparazione del proprio muro perimetrale. Tutto ci\u00f2 dopo aver dovuto subire i danni del mare dovuti all\u2019incapacit\u00e0 delle istituzioni di attuare una tempestiva messa in sicurezza. Come se ci\u00f2 non bastasse, siamo venuti a conoscenza che giorno 27 marzo un altro cittadino \u00e8 stato denunciato per innovazione di terreno demaniale marittimo. Mentre noi cercavamo di capire le dinamiche e non eravamo nelle condizioni di smentire subito i fatti, su questa vicenda \u00e8 stata costruita una narrazione surreale secondo la quale sarebbero stati i cittadini a manomettere la barriera.<div id=\"videoincontent\" style=\"clear:both\";><\/div><\/p>\n<p align=\"justify\">Non permetteremo che passi questa ricostruzione artificiosa dei fatti, che mortifica ulteriormente una popolazione gi\u00e0 vessata da anni, n\u00e9 che si cerchino capri espiatori per tentare di scaricare responsabilit\u00e0 riconducibili prevalentemente a una cattiva gestione &#8211; proseguono i rappresentanti del Comitato, che gi\u00e0 a partire dallo scorso dicembre avevano specificato come la barriera esistente non fosse pi\u00f9 sufficientemente protettiva. Il Comitato aveva fatto presente la situazione attraverso la stampa, pec e non per ultime nelle audizioni delle Commissioni Comunali e dell\u2019Ars.<\/p>\n<p align=\"justify\">\u00abApprendiamo \u2013 proseguono &#8211; che qualcosa finalmente inizia a muoversi, alla luce dell\u2019ordinanza sindacale, datata 10 aprile, con la quale si d\u00e0 disposizione, come da noi richiesto gi\u00e0 da dicembre, di procedere con immediatezza all\u2019esecuzione dei lavori per rafforzare la barriera e mitigare la situazione di pericolo, quindi si interviene con estremo ritardo e senza dare piena risposta alle nostre richieste, pertanto chiediamo all\u2019amministrazione quali ulteriori soluzioni intende mettere in atto per tutelare le persone rimaste senza casa e i tanti cittadini che si sono visti invadere le propriet\u00e0 da montagne di sabbia in quelli che una volta erano giardini e cortili esterni\u00bb.<\/p>\n","protected":false},"excerpt":{"rendered":"<p>&#8220;Oltre il danno, la beffa&#8221;. Dopo il grido d\u2019allarme lanciato a pi\u00f9 riprese negli scorsi mesi per portare all\u2019attenzione dell\u2019opinione pubblica i danni subiti dalle abitazioni a causa delle mareggiate, l\u2019ultima delle quali si \u00e8 verificata lo scorso 25 marzo, i membri del Comitato \u201cSalviamo Galati Marina\u201d chiamano in causa l\u2019Amministrazione comunale in merito alle [&hellip;]<\/p>\n","protected":false},"author":4,"featured_media":40281,"comment_status":"closed","ping_status":"closed","sticky":false,"template":"","format":"standard","meta":{"ub_ctt_via":"","_mi_skip_tracking":false},"categories":[5],"tags":[],"featured_image_src":"https:\/\/www.messinaoggi.it\/website\/wp-content\/uploads\/2020\/02\/erosione-galati.jpeg","author_info":{"display_name":"redme","author_link":"https:\/\/www.messinaoggi.it\/website\/author\/redme\/"},"digistream_id":0,"digistream":false,"_links":{"self":[{"href":"https:\/\/www.messinaoggi.it\/website\/wp-json\/wp\/v2\/posts\/42375"}],"collection":[{"href":"https:\/\/www.messinaoggi.it\/website\/wp-json\/wp\/v2\/posts"}],"about":[{"href":"https:\/\/www.messinaoggi.it\/website\/wp-json\/wp\/v2\/types\/post"}],"author":[{"embeddable":true,"href":"https:\/\/www.messinaoggi.it\/website\/wp-json\/wp\/v2\/users\/4"}],"replies":[{"embeddable":true,"href":"https:\/\/www.messinaoggi.it\/website\/wp-json\/wp\/v2\/comments?post=42375"}],"version-history":[{"count":0,"href":"https:\/\/www.messinaoggi.it\/website\/wp-json\/wp\/v2\/posts\/42375\/revisions"}],"wp:featuredmedia":[{"embeddable":true,"href":"https:\/\/www.messinaoggi.it\/website\/wp-json\/wp\/v2\/media\/40281"}],"wp:attachment":[{"href":"https:\/\/www.messinaoggi.it\/website\/wp-json\/wp\/v2\/media?parent=42375"}],"wp:term":[{"taxonomy":"category","embeddable":true,"href":"https:\/\/www.messinaoggi.it\/website\/wp-json\/wp\/v2\/categories?post=42375"},{"taxonomy":"post_tag","embeddable":true,"href":"https:\/\/www.messinaoggi.it\/website\/wp-json\/wp\/v2\/tags?post=42375"}],"curies":[{"name":"wp","href":"https:\/\/api.w.org\/{rel}","templated":true}]}}