{"id":42252,"date":"2020-04-08T23:53:13","date_gmt":"2020-04-08T21:53:13","guid":{"rendered":"https:\/\/www.messinaoggi.it\/website\/?p=42252"},"modified":"2020-04-08T23:53:13","modified_gmt":"2020-04-08T21:53:13","slug":"musumeci-chiude-lo-stretto-per-pasqua","status":"publish","type":"post","link":"https:\/\/www.messinaoggi.it\/website\/2020\/04\/08\/musumeci-chiude-lo-stretto-per-pasqua\/","title":{"rendered":"Musumeci chiude lo Stretto per Pasqua"},"content":{"rendered":"<p>Il presidente della Regione Sicilia ha firmato questa sera ordinanza che chiude di fatto li Stretto dal 10 al 13, per evitare \u201cgite\u201d pasquali in Sicilia.<br \/>\nIl transito \u00e8 ammesso solo per forze dell\u2019ordine e operatori sanitari.<br \/>\nEcco l\u2019articolo 5 del provvedimento emesso questa sera.<br \/>\n\u201dAi sensi del decreto n.145\/2020 del Ministro delle Infrastrutture e dei trasporti, di concerto con il Ministro della Salute, gli spostamenti dei passeggeri via mare da Messina per Villa San Giovanni e Reggio Calabria e viceversa sono assicurati mediante quattro corse giornaliere A\/R, da effettuarsi nella fascia oraria dalle 6 alle 21.<br \/>\nDetti spostamenti, dal 10 aprile al 13 aprile, sono consentiti esclusivamente agli appartenenti alle Forze dell&#8217;Ordine e alle Forze Armate, agli operatori sanitari pubblici e privati, ai lavoratori pendolari, nonch\u00e9 per comprovati motivi di gravit\u00e0 e urgenza.<br \/>\nIl Coordinatore dell&#8217;Unit\u00e0 di crisi sanitaria metropolitana di Messina, di concerto con l&#8217;ASP competente territorialmente, provvede a intensificare i controlli sanitari agli approdi della Rada San Francesco, della Stazione Marittima e di Tremestieri, nel medesimo Comune. A tale fine, il Coordinatore \u00e8 autorizzato ad assumere dai propri Albi, costituiti a seguito di avviso pubblico per effetto della delibera della Giunta di governo n. 84 del 12 marzo 2020, un adeguato numero di medici. Detto personale, i cui costi sono a valere sulla contabilit\u00e0 emergenziale, \u00e8 posto nella disponibilit\u00e0 dei turni di sorveglianza organizzati dalla ASP. Gli effetti delle assunzioni del personale sanitario hanno efficacia fino al termine dello stato di emergenza, per come dichiarato dal Governo nazionale\u201c.<div id=\"div-gpt-ad-Messinaoggi.it-DSK-300x250-corpoart\" style=\"text-align:center;margin:0 auto;\"><\/div><\/p>\n<div id=\"videoincontent\" style=\"clear:both\";><\/div>","protected":false},"excerpt":{"rendered":"<p>Il presidente della Regione Sicilia ha firmato questa sera ordinanza che chiude di fatto li Stretto dal 10 al 13, per evitare \u201cgite\u201d pasquali in Sicilia. Il transito \u00e8 ammesso solo per forze dell\u2019ordine e operatori sanitari. Ecco l\u2019articolo 5 del provvedimento emesso questa sera. \u201dAi sensi del decreto n.145\/2020 del Ministro delle Infrastrutture e [&hellip;]<\/p>\n","protected":false},"author":2,"featured_media":34355,"comment_status":"closed","ping_status":"closed","sticky":false,"template":"","format":"standard","meta":{"ub_ctt_via":"","_mi_skip_tracking":false},"categories":[19],"tags":[],"featured_image_src":"https:\/\/www.messinaoggi.it\/website\/wp-content\/uploads\/2019\/06\/155EE622-7229-4993-B173-7CE187EA8D9C.jpeg","author_info":{"display_name":"Redazione","author_link":"https:\/\/www.messinaoggi.it\/website\/author\/redazione\/"},"digistream_id":0,"digistream":false,"_links":{"self":[{"href":"https:\/\/www.messinaoggi.it\/website\/wp-json\/wp\/v2\/posts\/42252"}],"collection":[{"href":"https:\/\/www.messinaoggi.it\/website\/wp-json\/wp\/v2\/posts"}],"about":[{"href":"https:\/\/www.messinaoggi.it\/website\/wp-json\/wp\/v2\/types\/post"}],"author":[{"embeddable":true,"href":"https:\/\/www.messinaoggi.it\/website\/wp-json\/wp\/v2\/users\/2"}],"replies":[{"embeddable":true,"href":"https:\/\/www.messinaoggi.it\/website\/wp-json\/wp\/v2\/comments?post=42252"}],"version-history":[{"count":0,"href":"https:\/\/www.messinaoggi.it\/website\/wp-json\/wp\/v2\/posts\/42252\/revisions"}],"wp:featuredmedia":[{"embeddable":true,"href":"https:\/\/www.messinaoggi.it\/website\/wp-json\/wp\/v2\/media\/34355"}],"wp:attachment":[{"href":"https:\/\/www.messinaoggi.it\/website\/wp-json\/wp\/v2\/media?parent=42252"}],"wp:term":[{"taxonomy":"category","embeddable":true,"href":"https:\/\/www.messinaoggi.it\/website\/wp-json\/wp\/v2\/categories?post=42252"},{"taxonomy":"post_tag","embeddable":true,"href":"https:\/\/www.messinaoggi.it\/website\/wp-json\/wp\/v2\/tags?post=42252"}],"curies":[{"name":"wp","href":"https:\/\/api.w.org\/{rel}","templated":true}]}}