{"id":42161,"date":"2020-04-06T19:13:06","date_gmt":"2020-04-06T17:13:06","guid":{"rendered":"https:\/\/www.messinaoggi.it\/website\/?p=42161"},"modified":"2020-04-06T19:13:06","modified_gmt":"2020-04-06T17:13:06","slug":"nuova-cantonata-di-de-luca-il-camper-proveniva-dalla-spagna-e-cera-un-catanese-alla-guida","status":"publish","type":"post","link":"https:\/\/www.messinaoggi.it\/website\/2020\/04\/06\/nuova-cantonata-di-de-luca-il-camper-proveniva-dalla-spagna-e-cera-un-catanese-alla-guida\/","title":{"rendered":"Nuova cantonata di De Luca, il camper proveniva dalla Spagna e c&#039;era un catanese alla guida"},"content":{"rendered":"<p style=\"text-align: justify;\">La &#8220;storia&#8221; del camper con un belga e un gattino a bordo s&#8217;\u00e8 sgonfiata nel giro di due giorni. A differenza della Renautl 4 con tre francesi a bordo, il conducente ha avuto modo di difendersi e l&#8217;ha fatto attraverso la stampa. Meridionews.it, sito catanese, pubblica la notizia della nuova cantonata presa dal sindaco Cateno De Luca che ha preso il pretesto del camper con un belga e un gattino per portare avanti la sua personale battaglia. A questo punto, visto che \u00e8 stato svelato l&#8217;arcano mistero, c&#8217;\u00e8 da dire che il sindaco di Messina sta proprio superando ogni limite consentito dalla legge.<div id=\"div-gpt-ad-Messinaoggi.it-DSK-300x250-corpoart\" style=\"text-align:center;margin:0 auto;\"><\/div><\/p>\n<p style=\"text-align: justify;\">Rendere criminale un individuo per farne una questione di principio contro il ministro Lamorgese \u00e8 qualcosa di inqualificabile.<div id=\"videoincontent\" style=\"clear:both\";><\/div><\/p>\n<p style=\"text-align: justify;\">Rocco \u00e8 un siciliano giovane di San Gregorio, a Catania, che da tre anni vive col suo camper in giro per l&#8217;\u00ecEuropa. Racconta a meridionews che quando \u00e8 scoppiata l&#8217;epidemia si trovava in Spagna e da l\u00ec si \u00e8 messo in viaggio per raggiungere la Sicilia, dove risiede la famiglia.<\/p>\n<p style=\"text-align: justify;\">La narrazione di De Luca \u00e8 stata completamente distorta, forse perch\u00e9 i suoi &#8220;servizi segreti&#8221; non funzionano a dovere. Almeno \u00e8 quello cui ci si appella, perch\u00e9 al contrario sarebbe da criminali mettere persone in pasto delle belve dei Social.<\/p>\n<p style=\"text-align: justify;\">&#8220;Ho paura &#8211; racconta Rocco a meridionews &#8211; perch\u00e9 \u00e8 stata pubblicata la foto del mio camper senza nemmeno oscurare la targa. Sto vivendo giorni di paura&#8221;.<\/p>\n<p style=\"text-align: justify;\">La storia si ripete quindi, dopo la &#8220;leggenda&#8221; della R4, data dal sindaco in giro per la Sicilia, sulla base di fotomontaggi girati su Fb e giunti alla sua attenzione. Il sindaco De Luca, senza farsi alcun scrupolo, ha sbattuto ugualmente i mostri sul suo profilo Social e in pasto all&#8217;opinione pubblica nazionale. La vicenda del camper con un belga e un gattino a bordo \u00e8 stata raccontata anche ieri a tarda ora su Canale 5, durante la trasmissione di Barbara D&#8217;Urso. Oggi emerge per\u00f2 che De Luca ha preso l&#8217;ennesima cantonata.<\/p>\n","protected":false},"excerpt":{"rendered":"<p>La &#8220;storia&#8221; del camper con un belga e un gattino a bordo s&#8217;\u00e8 sgonfiata nel giro di due giorni. A differenza della Renautl 4 con tre francesi a bordo, il conducente ha avuto modo di difendersi e l&#8217;ha fatto attraverso la stampa. Meridionews.it, sito catanese, pubblica la notizia della nuova cantonata presa dal sindaco Cateno [&hellip;]<\/p>\n","protected":false},"author":2,"featured_media":42162,"comment_status":"closed","ping_status":"closed","sticky":false,"template":"","format":"standard","meta":{"ub_ctt_via":"","_mi_skip_tracking":false},"categories":[19],"tags":[],"featured_image_src":"https:\/\/www.messinaoggi.it\/website\/wp-content\/uploads\/2020\/04\/94D90F7E-2E6E-4C6A-9182-C8CECF1792B9.jpeg","author_info":{"display_name":"Redazione","author_link":"https:\/\/www.messinaoggi.it\/website\/author\/redazione\/"},"digistream_id":0,"digistream":false,"_links":{"self":[{"href":"https:\/\/www.messinaoggi.it\/website\/wp-json\/wp\/v2\/posts\/42161"}],"collection":[{"href":"https:\/\/www.messinaoggi.it\/website\/wp-json\/wp\/v2\/posts"}],"about":[{"href":"https:\/\/www.messinaoggi.it\/website\/wp-json\/wp\/v2\/types\/post"}],"author":[{"embeddable":true,"href":"https:\/\/www.messinaoggi.it\/website\/wp-json\/wp\/v2\/users\/2"}],"replies":[{"embeddable":true,"href":"https:\/\/www.messinaoggi.it\/website\/wp-json\/wp\/v2\/comments?post=42161"}],"version-history":[{"count":0,"href":"https:\/\/www.messinaoggi.it\/website\/wp-json\/wp\/v2\/posts\/42161\/revisions"}],"wp:featuredmedia":[{"embeddable":true,"href":"https:\/\/www.messinaoggi.it\/website\/wp-json\/wp\/v2\/media\/42162"}],"wp:attachment":[{"href":"https:\/\/www.messinaoggi.it\/website\/wp-json\/wp\/v2\/media?parent=42161"}],"wp:term":[{"taxonomy":"category","embeddable":true,"href":"https:\/\/www.messinaoggi.it\/website\/wp-json\/wp\/v2\/categories?post=42161"},{"taxonomy":"post_tag","embeddable":true,"href":"https:\/\/www.messinaoggi.it\/website\/wp-json\/wp\/v2\/tags?post=42161"}],"curies":[{"name":"wp","href":"https:\/\/api.w.org\/{rel}","templated":true}]}}