{"id":41947,"date":"2020-04-02T10:34:09","date_gmt":"2020-04-02T08:34:09","guid":{"rendered":"https:\/\/www.messinaoggi.it\/website\/?p=41947"},"modified":"2020-04-02T10:34:09","modified_gmt":"2020-04-02T08:34:09","slug":"stretto-de-luca-dichiara-guerra-allo-stato-devono-autorizzare-il-nostra-database","status":"publish","type":"post","link":"https:\/\/www.messinaoggi.it\/website\/2020\/04\/02\/stretto-de-luca-dichiara-guerra-allo-stato-devono-autorizzare-il-nostra-database\/","title":{"rendered":"Stretto, De Luca &quot;dichiara guerra&quot; allo Stato: &quot;Devono autorizzare il nostro database&quot;"},"content":{"rendered":"<p style=\"text-align: justify;\">&#8220;Stiamo completando la diffida al presidente del consiglio dei ministri e ministri competenti chiedendo anche al Presidente della regione Siciliana di scendere in campo al nostro fianco per tutelare i siciliani dai continui sbarchi incontrollati sullo stretto di Messina e negli atti porti siciliani&#8221;. Lo afferma il sindaco Cateno De Luca in un post di questa mattina sulla sua pagina Fb.<div id=\"div-gpt-ad-Messinaoggi.it-DSK-300x250-corpoart\" style=\"text-align:center;margin:0 auto;\"><\/div><\/p>\n<p style=\"text-align: justify;\">Il primo cittadino \u00e8 intenzionato a dare luogo ad una nuova manifestazione di protesta eclatante, perch\u00e9 a suo dire ci sarebbe un continuo sbarco di autovetture e passeggeri dalle navi che provengono da Villa San Giovanni.<div id=\"videoincontent\" style=\"clear:both\";><\/div><\/p>\n<p style=\"text-align: justify;\">In effetti, dalle immagini che circolano sulla rete si denota un nuovo incremento dei flussi di passeggeri che sbarcano a Messina. Cos&#8217;abbia intenzione il sindaco di Messina non \u00e8 dato sapere, ma \u00e8 certo che metter\u00e0 in atto una nuova eclatante manifestazione, prevista per sabato della prossima settimana. L&#8217;amministrazione comunale ha messo a punto un database, fornito da una societ\u00e0 americana, che &#8220;scheda&#8221; i pendolari dello Stretto. L&#8217;obiettivo del sindaco \u00e8 quello di avere un monitoraggio continuo di chi sbarca a Messina.<\/p>\n","protected":false},"excerpt":{"rendered":"<p>&#8220;Stiamo completando la diffida al presidente del consiglio dei ministri e ministri competenti chiedendo anche al Presidente della regione Siciliana di scendere in campo al nostro fianco per tutelare i siciliani dai continui sbarchi incontrollati sullo stretto di Messina e negli atti porti siciliani&#8221;. Lo afferma il sindaco Cateno De Luca in un post di [&hellip;]<\/p>\n","protected":false},"author":2,"featured_media":41589,"comment_status":"closed","ping_status":"closed","sticky":false,"template":"","format":"standard","meta":{"ub_ctt_via":"","_mi_skip_tracking":false},"categories":[4],"tags":[],"featured_image_src":"https:\/\/www.messinaoggi.it\/website\/wp-content\/uploads\/2020\/03\/53688810-124C-4D1F-8BAF-2A9DA46379E8.jpeg","author_info":{"display_name":"Redazione","author_link":"https:\/\/www.messinaoggi.it\/website\/author\/redazione\/"},"digistream_id":0,"digistream":false,"_links":{"self":[{"href":"https:\/\/www.messinaoggi.it\/website\/wp-json\/wp\/v2\/posts\/41947"}],"collection":[{"href":"https:\/\/www.messinaoggi.it\/website\/wp-json\/wp\/v2\/posts"}],"about":[{"href":"https:\/\/www.messinaoggi.it\/website\/wp-json\/wp\/v2\/types\/post"}],"author":[{"embeddable":true,"href":"https:\/\/www.messinaoggi.it\/website\/wp-json\/wp\/v2\/users\/2"}],"replies":[{"embeddable":true,"href":"https:\/\/www.messinaoggi.it\/website\/wp-json\/wp\/v2\/comments?post=41947"}],"version-history":[{"count":0,"href":"https:\/\/www.messinaoggi.it\/website\/wp-json\/wp\/v2\/posts\/41947\/revisions"}],"wp:featuredmedia":[{"embeddable":true,"href":"https:\/\/www.messinaoggi.it\/website\/wp-json\/wp\/v2\/media\/41589"}],"wp:attachment":[{"href":"https:\/\/www.messinaoggi.it\/website\/wp-json\/wp\/v2\/media?parent=41947"}],"wp:term":[{"taxonomy":"category","embeddable":true,"href":"https:\/\/www.messinaoggi.it\/website\/wp-json\/wp\/v2\/categories?post=41947"},{"taxonomy":"post_tag","embeddable":true,"href":"https:\/\/www.messinaoggi.it\/website\/wp-json\/wp\/v2\/tags?post=41947"}],"curies":[{"name":"wp","href":"https:\/\/api.w.org\/{rel}","templated":true}]}}