{"id":41911,"date":"2020-04-01T11:54:35","date_gmt":"2020-04-01T09:54:35","guid":{"rendered":"https:\/\/www.messinaoggi.it\/website\/?p=41911"},"modified":"2020-04-01T11:54:35","modified_gmt":"2020-04-01T09:54:35","slug":"disagi-pendolari-dello-stretto-la-uil-scrive-al-prefetto-per-aumentare-le-corse","status":"publish","type":"post","link":"https:\/\/www.messinaoggi.it\/website\/2020\/04\/01\/disagi-pendolari-dello-stretto-la-uil-scrive-al-prefetto-per-aumentare-le-corse\/","title":{"rendered":"Disagi pendolari dello Stretto, la Uil scrive al prefetto per aumentare le corse"},"content":{"rendered":"<p style=\"text-align: justify;\">\u201cLa scrivente organizzazione Sindacale fa presente che, al fine di limitare al massimo i disagi dei lavoratori della sanit\u00e0 messinese, cosiddetti \u2018Pendolari dello Stretto\u2019, che giornalmente viaggiano dalla vicina Calabria per raggiungere i luoghi di lavoro delle \u00a0aziende sanitarie messinesi, con nostra nota del 20\/03\/2020, a seguito delle forti limitazione delle corse giornaliere Villa S.Giovanni-Messina a\/r, era intervenuta per sollecitare le Autorit\u00e0 interventi nei confronti di Caronte&amp;Tourist per aumentare il numero delle corse ed armonizzarle con i turni di servizio dei numerosi Operatori Sanitari interessati. Purtroppo, nonostante l\u2019aumento delle corse delle navi, una fascia oraria molto importante in corrispondenza del turno delle ore 13 coinvolgente numerosi lavoratori della sanit\u00e0 e sicuramente anche tanti altri lavoratori di altri settori, non viene garantita da alcuna corsa da Villa S. Giovanni-Messina e viceversa costringendo, pertanto, i numerosi lavoratori ad utilizzare la corsa delle ore 8 e, pertanto, a permanere inoperosi per parecchie ore, prima di iniziare il turno lavorativo delle 13 e, per di pi\u00f9, con un elevato rischio di ulteriore diffusione del contagio da COVID-19\u201d.<div id=\"div-gpt-ad-Messinaoggi.it-DSK-300x250-corpoart\" style=\"text-align:center;margin:0 auto;\"><\/div><\/p>\n<p style=\"text-align: justify;\">Lo scrivono in una nota indirizzata al prefetto di Messina, il segretario generale della Uil, <strong>Ivan Tripodi<\/strong>, <strong>Pippo Calapai<\/strong> e <strong>Mario Salvatore Macr\u00ec<\/strong>, rispettivamente segretario provinciale e responsabile area medica Uil-Fpl Messina.<div id=\"videoincontent\" style=\"clear:both\";><\/div><\/p>\n<p style=\"text-align: justify;\">\u201cA ci\u00f2 si aggiunge, che la mancata previsione di tale corsa \u00e8 causa di grandi assembramenti che giornalmente si ripetono nella predetta corsa e tutto ci\u00f2 non giova alla prevenzione del contagio da COVID-19. Pertanto, la scrivente Uil raccogliendo le numerosissime richieste di interventi da parte dei lavoratori interessati, che stanno subendo in questa fase emergenziale fortissimi disagi, chiede alle Autorit\u00e0, ognuno per propria competenza, di intervenire urgentemente presso gli Amministratori di Caronte&amp;Tourist, al fine di prevedere almeno una corsa aggiuntiva giornaliera oltre quelle previste,<\/p>\n<p style=\"text-align: justify;\">\n","protected":false},"excerpt":{"rendered":"<p>\u201cLa scrivente organizzazione Sindacale fa presente che, al fine di limitare al massimo i disagi dei lavoratori della sanit\u00e0 messinese, cosiddetti \u2018Pendolari dello Stretto\u2019, che giornalmente viaggiano dalla vicina Calabria per raggiungere i luoghi di lavoro delle \u00a0aziende sanitarie messinesi, con nostra nota del 20\/03\/2020, a seguito delle forti limitazione delle corse giornaliere Villa S.Giovanni-Messina [&hellip;]<\/p>\n","protected":false},"author":2,"featured_media":41358,"comment_status":"closed","ping_status":"closed","sticky":false,"template":"","format":"standard","meta":{"ub_ctt_via":"","_mi_skip_tracking":false},"categories":[6],"tags":[],"featured_image_src":"https:\/\/www.messinaoggi.it\/website\/wp-content\/uploads\/2020\/03\/2F8BD632-0D4B-4710-A1CB-6ED965E27441.jpeg","author_info":{"display_name":"Redazione","author_link":"https:\/\/www.messinaoggi.it\/website\/author\/redazione\/"},"digistream_id":0,"digistream":false,"_links":{"self":[{"href":"https:\/\/www.messinaoggi.it\/website\/wp-json\/wp\/v2\/posts\/41911"}],"collection":[{"href":"https:\/\/www.messinaoggi.it\/website\/wp-json\/wp\/v2\/posts"}],"about":[{"href":"https:\/\/www.messinaoggi.it\/website\/wp-json\/wp\/v2\/types\/post"}],"author":[{"embeddable":true,"href":"https:\/\/www.messinaoggi.it\/website\/wp-json\/wp\/v2\/users\/2"}],"replies":[{"embeddable":true,"href":"https:\/\/www.messinaoggi.it\/website\/wp-json\/wp\/v2\/comments?post=41911"}],"version-history":[{"count":0,"href":"https:\/\/www.messinaoggi.it\/website\/wp-json\/wp\/v2\/posts\/41911\/revisions"}],"wp:featuredmedia":[{"embeddable":true,"href":"https:\/\/www.messinaoggi.it\/website\/wp-json\/wp\/v2\/media\/41358"}],"wp:attachment":[{"href":"https:\/\/www.messinaoggi.it\/website\/wp-json\/wp\/v2\/media?parent=41911"}],"wp:term":[{"taxonomy":"category","embeddable":true,"href":"https:\/\/www.messinaoggi.it\/website\/wp-json\/wp\/v2\/categories?post=41911"},{"taxonomy":"post_tag","embeddable":true,"href":"https:\/\/www.messinaoggi.it\/website\/wp-json\/wp\/v2\/tags?post=41911"}],"curies":[{"name":"wp","href":"https:\/\/api.w.org\/{rel}","templated":true}]}}