{"id":41899,"date":"2020-03-31T22:32:06","date_gmt":"2020-03-31T20:32:06","guid":{"rendered":"https:\/\/www.messinaoggi.it\/website\/?p=41899"},"modified":"2020-03-31T22:32:06","modified_gmt":"2020-03-31T20:32:06","slug":"lassassino-di-lorena-ha-confessato-lomicidio","status":"publish","type":"post","link":"https:\/\/www.messinaoggi.it\/website\/2020\/03\/31\/lassassino-di-lorena-ha-confessato-lomicidio\/","title":{"rendered":"L&#039;assassino di Lorena ha confessato l&#039;omicidio"},"content":{"rendered":"<p>I carabinieri della Compagnia di Taormina hanno eseguito lo stato di fermo giudiziario emesso dalla Procura della Repubblica a carico di <strong>Antonio De Pace<\/strong>, 28 anni, accusato di avere ucciso la compagna 27enne, <strong>Lorena Quaranta<\/strong>, nell&#8217;appartamento di Furci Siculo.<br \/>\n<img loading=\"lazy\" class=\"size-medium wp-image-41875 alignright\" src=\"https:\/\/www.messinaoggi.it\/website\/wp-content\/uploads\/2020\/03\/4A8FD2A3-7D81-46EC-A8F9-147D269DCFFE-300x226.jpeg\" alt=\"\" width=\"300\" height=\"226\" \/><br \/>\nIl giovane ha confessato il delitto fornendo una versione dei fatti che \u00e8 al vaglio dell&#8217;autorit\u00e0 giudiziaria. La donna strangolata \u00e8 originaria di Favara, in provincia di Agrigento, lui di Vibo Valentia. Entrambi studenti di <strong>Medicina all&#8217;Universit\u00e0 di Messina.<\/strong><br \/>\nIl convivente l&#8217;avrebbe uccisa strangolandola al culmine di una lite, poi avrebbe tentato di suicidarsi procurandosi tagli ai polsi e al collo. Sarebbe stato lui a chiamare i carabinieri.<br \/>\n<strong>De Pace<\/strong> questa sera \u00e8 stato condotto nel carcere di Gazzi, dove nelle prossime ore sar\u00e0 interrogato dal magistrato che si sta occupando del caso. Ancora oscuro il movente dell&#8217;omicidio.<div id=\"div-gpt-ad-Messinaoggi.it-DSK-300x250-corpoart\" style=\"text-align:center;margin:0 auto;\"><\/div><\/p>\n<div id=\"videoincontent\" style=\"clear:both\";><\/div>","protected":false},"excerpt":{"rendered":"<p>I carabinieri della Compagnia di Taormina hanno eseguito lo stato di fermo giudiziario emesso dalla Procura della Repubblica a carico di Antonio De Pace, 28 anni, accusato di avere ucciso la compagna 27enne, Lorena Quaranta, nell&#8217;appartamento di Furci Siculo. Il giovane ha confessato il delitto fornendo una versione dei fatti che \u00e8 al vaglio dell&#8217;autorit\u00e0 [&hellip;]<\/p>\n","protected":false},"author":2,"featured_media":41901,"comment_status":"closed","ping_status":"closed","sticky":false,"template":"","format":"standard","meta":{"ub_ctt_via":"","_mi_skip_tracking":false},"categories":[19],"tags":[],"featured_image_src":"https:\/\/www.messinaoggi.it\/website\/wp-content\/uploads\/2020\/03\/4202FCA5-FE11-4F80-893A-952F1068A409.jpeg","author_info":{"display_name":"Redazione","author_link":"https:\/\/www.messinaoggi.it\/website\/author\/redazione\/"},"digistream_id":0,"digistream":false,"_links":{"self":[{"href":"https:\/\/www.messinaoggi.it\/website\/wp-json\/wp\/v2\/posts\/41899"}],"collection":[{"href":"https:\/\/www.messinaoggi.it\/website\/wp-json\/wp\/v2\/posts"}],"about":[{"href":"https:\/\/www.messinaoggi.it\/website\/wp-json\/wp\/v2\/types\/post"}],"author":[{"embeddable":true,"href":"https:\/\/www.messinaoggi.it\/website\/wp-json\/wp\/v2\/users\/2"}],"replies":[{"embeddable":true,"href":"https:\/\/www.messinaoggi.it\/website\/wp-json\/wp\/v2\/comments?post=41899"}],"version-history":[{"count":0,"href":"https:\/\/www.messinaoggi.it\/website\/wp-json\/wp\/v2\/posts\/41899\/revisions"}],"wp:featuredmedia":[{"embeddable":true,"href":"https:\/\/www.messinaoggi.it\/website\/wp-json\/wp\/v2\/media\/41901"}],"wp:attachment":[{"href":"https:\/\/www.messinaoggi.it\/website\/wp-json\/wp\/v2\/media?parent=41899"}],"wp:term":[{"taxonomy":"category","embeddable":true,"href":"https:\/\/www.messinaoggi.it\/website\/wp-json\/wp\/v2\/categories?post=41899"},{"taxonomy":"post_tag","embeddable":true,"href":"https:\/\/www.messinaoggi.it\/website\/wp-json\/wp\/v2\/tags?post=41899"}],"curies":[{"name":"wp","href":"https:\/\/api.w.org\/{rel}","templated":true}]}}