{"id":4186,"date":"2017-07-06T17:47:16","date_gmt":"2017-07-06T15:47:16","guid":{"rendered":"http:\/\/www.messinaoggi.it\/website\/?p=4186"},"modified":"2017-07-06T17:47:16","modified_gmt":"2017-07-06T15:47:16","slug":"sostenibilita-ambientale-protocollo-dintesa-tra-comune-e-arpa","status":"publish","type":"post","link":"https:\/\/www.messinaoggi.it\/website\/2017\/07\/06\/sostenibilita-ambientale-protocollo-dintesa-tra-comune-e-arpa\/","title":{"rendered":"Sostenibilit\u00e0 ambientale, protocollo d\u2019intesa tra Comune e Arpa"},"content":{"rendered":"<p style=\"text-align: justify\">Biodiversit\u00e0, per la sperimentazione e diffusione di pratiche di sostenibilit\u00e0 ambientale e la promozione di una rete\/laboratorio di Educazione Formazione Informazione Ambientale. Tutto questo si perseguir\u00e0 con il <strong>protocollo d\u2019intesa firmato oggi, a Palazzo Zanca, per l\u2019organizzazione di queste iniziative di valorizzazione tra il sindaco, Renato Accorinti e il direttore generale di Arpa Sicilia, Francesco Licata di Baucina.<\/strong><div id=\"div-gpt-ad-Messinaoggi.it-DSK-300x250-corpoart\" style=\"text-align:center;margin:0 auto;\"><\/div><\/p>\n<p style=\"text-align: justify\">All\u2019incontro hanno preso parte, tra gli altri, l\u2019assessore all\u2019Ambiente, Daniele Ialacqua; il direttore del laboratorio regionale, Calogero Di Chiara; rappresentanti della Citt\u00e0 Metropolitana di Messina e di Istituti scolastici. L\u2019accordo tra Comune di Messina e Arpa Sicilia segue l\u2019adozione della Carta d\u2019Intenti per l\u2019istituzione del Forum del sistema In.F.E.A., come deliberato dalla Giunta municipale lo scorso marted\u00ec 13 giugno. Il sindaco Accorinti e l\u2019assessore Ialacqua, nell\u2019esprimere soddisfazione per la firma del protocollo, hanno precisato che: \u201cSul tema dell\u2019educazione ambientale si tratta di una tappa importante di un percorso avviato da tempo. Il protocollo consente di consolidare una rete che abbiamo costruito negli anni per fare crescere la cultura ambientalista nella nostra citt\u00e0. Questo atto \u00e8 una grande occasione anche per metterci in comunicazione con le altre grandi citt\u00e0 metropolitane. La firma di Messina infatti segue quella di Palermo e precede quanto avverr\u00e0 a Catania\u201d.<div id=\"videoincontent\" style=\"clear:both\";><\/div><\/p>\n<p style=\"text-align: justify\">\u201cIl documento sottoscritto oggi \u2013 afferma il direttore generale di Arpa Sicilia Francesco Licata di Baucina \u2013 rappresenta un ulteriore tassello nel mosaico delle attivit\u00e0 di educazione ambientale svolte dalla nostra Agenzia per il tramite del Laboratorio In.F.E.A. presente ormai in modo capillare su tutto il territorio regionale. Lo sportello di Messina sar\u00e0 un presidio continuo ed affidabile per la tutela del patrimonio ambientale della citt\u00e0, sia attraverso le iniziative di educazione ambientale rivolte alle scuole, sia attraverso i servizi che l\u2019ufficio erogher\u00e0 alle imprese interessate a certificare il proprio ciclo produttivo secondo i criteri di sostenibilit\u00e0 ambientale previsti dalle normative vigenti\u201d.<\/p>\n","protected":false},"excerpt":{"rendered":"<p>Biodiversit\u00e0, per la sperimentazione e diffusione di pratiche di sostenibilit\u00e0 ambientale e la promozione di una rete\/laboratorio di Educazione Formazione Informazione Ambientale. Tutto questo si perseguir\u00e0 con il protocollo d\u2019intesa firmato oggi, a Palazzo Zanca, per l\u2019organizzazione di queste iniziative di valorizzazione tra il sindaco, Renato Accorinti e il direttore generale di Arpa Sicilia, Francesco [&hellip;]<\/p>\n","protected":false},"author":7,"featured_media":4187,"comment_status":"closed","ping_status":"open","sticky":false,"template":"","format":"standard","meta":{"ub_ctt_via":"","_mi_skip_tracking":false},"categories":[5],"tags":[],"featured_image_src":"https:\/\/www.messinaoggi.it\/website\/wp-content\/uploads\/2017\/07\/protocollo-intesa-Comune-Arpa-messinaoggi-2.jpg","author_info":{"display_name":"Redazione1","author_link":"https:\/\/www.messinaoggi.it\/website\/author\/redazione1\/"},"digistream_id":0,"digistream":false,"_links":{"self":[{"href":"https:\/\/www.messinaoggi.it\/website\/wp-json\/wp\/v2\/posts\/4186"}],"collection":[{"href":"https:\/\/www.messinaoggi.it\/website\/wp-json\/wp\/v2\/posts"}],"about":[{"href":"https:\/\/www.messinaoggi.it\/website\/wp-json\/wp\/v2\/types\/post"}],"author":[{"embeddable":true,"href":"https:\/\/www.messinaoggi.it\/website\/wp-json\/wp\/v2\/users\/7"}],"replies":[{"embeddable":true,"href":"https:\/\/www.messinaoggi.it\/website\/wp-json\/wp\/v2\/comments?post=4186"}],"version-history":[{"count":0,"href":"https:\/\/www.messinaoggi.it\/website\/wp-json\/wp\/v2\/posts\/4186\/revisions"}],"wp:featuredmedia":[{"embeddable":true,"href":"https:\/\/www.messinaoggi.it\/website\/wp-json\/wp\/v2\/media\/4187"}],"wp:attachment":[{"href":"https:\/\/www.messinaoggi.it\/website\/wp-json\/wp\/v2\/media?parent=4186"}],"wp:term":[{"taxonomy":"category","embeddable":true,"href":"https:\/\/www.messinaoggi.it\/website\/wp-json\/wp\/v2\/categories?post=4186"},{"taxonomy":"post_tag","embeddable":true,"href":"https:\/\/www.messinaoggi.it\/website\/wp-json\/wp\/v2\/tags?post=4186"}],"curies":[{"name":"wp","href":"https:\/\/api.w.org\/{rel}","templated":true}]}}