{"id":41827,"date":"2020-03-30T11:07:08","date_gmt":"2020-03-30T09:07:08","guid":{"rendered":"https:\/\/www.messinaoggi.it\/website\/?p=41827"},"modified":"2020-03-30T11:07:08","modified_gmt":"2020-03-30T09:07:08","slug":"wifi-gratis-per-gli-alunni-la-commissione-scuole-daccordo-con-il-garante-dellinfanzia","status":"publish","type":"post","link":"https:\/\/www.messinaoggi.it\/website\/2020\/03\/30\/wifi-gratis-per-gli-alunni-la-commissione-scuole-daccordo-con-il-garante-dellinfanzia\/","title":{"rendered":"Wifi gratis per gli alunni: la commissione Scuole d&#039;accordo con il garante dell&#039;Infanzia"},"content":{"rendered":"<p>Il presidente e il vicepresidente della commissione Scuole e politiche culturali, rispettivamente Pietro La Tona e Giuseppe Schepis, sposano la proposta avanzata nei giorni scorsi dal garante dell\u2019Infanzia e dell\u2019adolescenza del comune di Messina, dottor Angelo Costantino, che prevede fondamentalmente la messa a disposizione gratuita di un&#8217;infrastruttura digitale che possa consentire a tutti gli studenti della citt\u00e0 di poter svolgere regolarmente le attivit\u00e0 di didattica a distanza. In particolare, l&#8217;idea \u00e8 quella di predisporre gratuitamente una rete Wifi, alla quale possano accedere tutti gli alunni della citt\u00e0. A tal fine, i due consiglieri comunali hanno inoltrato un&#8217;apposita mozione al sindaco Cateno De Luca: &#8220;Abbiamo inoltrato una mozione congiunta al sindaco &#8211; spiegano &#8211; con la quale abbiamo richiesto la realizzazione di un&#8217;infrastruttura digitale su tutto il territorio comunale, che consenta sia agli alunni che ai docenti delle scuole di ogni ordine e grado di Messina, di poter usufruire di una connessione internet gratuita per svolgere regolarmente le attivit\u00e0 di didattica a distanza che, purtroppo, sembrano dover accompagnare ancora per molto tempo i giovani studenti messinesi a causa del lockdown causato dal coronavirus&#8221;.<br \/>\n&#8220;Ponendoci in maniera assolutamente collaborativa nei confronti dell\u2019amministrazione De Luca &#8211; proseguono La Tona e Schepis &#8211; abbiamo integrato la mozione con una nota attuativa attraverso la quale poter facilitare gli atti da predisporre. Il chiarimento riguarda la possibilit\u00e0 di aderire all\u2019iniziativa &#8216;Solidariet\u00e0 Digitale&#8217; lanciata dall\u2019Agid e dal Ministero per l\u2019Innovazione tecnologica e la Digitalizzazione, che prevede una collaborazione tra pubblico e privato e grazie alla quale le aziende aderenti si sono rese disponibili a concedere le loro prestazioni gratuitamente; tra queste imprese ci sono i pi\u00f9 importanti operatori telefonici nazionali che concedono la banda larga gratuita e piattaforme di smartworking.<br \/>\n&#8220;Auspichiamo che la nostra richiesta, rafforzata da questa del Garante dell\u2019Infanzia e dell\u2019Adolescenza e da una specifica richiesta fatta dai dirigenti scolastici\u00a0 Prof.sse Renata Greco e Grazia Patan\u00e8, rispettivamente capofila della Rete scolastica e dell\u2019Osservatorio per la dispersione scolastica della Citt\u00e0 di Messina, venga trattata con il giusto peso specifico nella imminente programmazione di interventi economici messi in campo dal Comune di Messina, vista l\u2019importanza che riveste, per il reale superamento delle differenze socio \u2013 economiche e considerato che questa iniziativa garantirebbe un diritto costitutivo altrettanto importante, cio\u00e8 quello di assicurare ai nostri studenti il sacrosanto diritto allo studio, senza ostacoli ne barriere tali da impedire il giusto grado formativo di tutti i giovani messinesi. Gli scriventi, dunque, unitamente al garante dell\u2019Infanzia e ai dirigenti scolastici messinesi, sono pronti a collaborare con l\u2019Amministrazione comunale per rendere effettivo questo diritto&#8221;.<div id=\"div-gpt-ad-Messinaoggi.it-DSK-300x250-corpoart\" style=\"text-align:center;margin:0 auto;\"><\/div><\/p>\n<div id=\"videoincontent\" style=\"clear:both\";><\/div>","protected":false},"excerpt":{"rendered":"<p>Il presidente e il vicepresidente della commissione Scuole e politiche culturali, rispettivamente Pietro La Tona e Giuseppe Schepis, sposano la proposta avanzata nei giorni scorsi dal garante dell\u2019Infanzia e dell\u2019adolescenza del comune di Messina, dottor Angelo Costantino, che prevede fondamentalmente la messa a disposizione gratuita di un&#8217;infrastruttura digitale che possa consentire a tutti gli studenti [&hellip;]<\/p>\n","protected":false},"author":8,"featured_media":23610,"comment_status":"closed","ping_status":"closed","sticky":false,"template":"","format":"standard","meta":{"ub_ctt_via":"","_mi_skip_tracking":false},"categories":[4],"tags":[],"featured_image_src":"https:\/\/www.messinaoggi.it\/website\/wp-content\/uploads\/2018\/08\/scuola-libri-studio-1.jpg","author_info":{"display_name":"red..me","author_link":"https:\/\/www.messinaoggi.it\/website\/author\/redstage\/"},"digistream_id":0,"digistream":false,"_links":{"self":[{"href":"https:\/\/www.messinaoggi.it\/website\/wp-json\/wp\/v2\/posts\/41827"}],"collection":[{"href":"https:\/\/www.messinaoggi.it\/website\/wp-json\/wp\/v2\/posts"}],"about":[{"href":"https:\/\/www.messinaoggi.it\/website\/wp-json\/wp\/v2\/types\/post"}],"author":[{"embeddable":true,"href":"https:\/\/www.messinaoggi.it\/website\/wp-json\/wp\/v2\/users\/8"}],"replies":[{"embeddable":true,"href":"https:\/\/www.messinaoggi.it\/website\/wp-json\/wp\/v2\/comments?post=41827"}],"version-history":[{"count":0,"href":"https:\/\/www.messinaoggi.it\/website\/wp-json\/wp\/v2\/posts\/41827\/revisions"}],"wp:featuredmedia":[{"embeddable":true,"href":"https:\/\/www.messinaoggi.it\/website\/wp-json\/wp\/v2\/media\/23610"}],"wp:attachment":[{"href":"https:\/\/www.messinaoggi.it\/website\/wp-json\/wp\/v2\/media?parent=41827"}],"wp:term":[{"taxonomy":"category","embeddable":true,"href":"https:\/\/www.messinaoggi.it\/website\/wp-json\/wp\/v2\/categories?post=41827"},{"taxonomy":"post_tag","embeddable":true,"href":"https:\/\/www.messinaoggi.it\/website\/wp-json\/wp\/v2\/tags?post=41827"}],"curies":[{"name":"wp","href":"https:\/\/api.w.org\/{rel}","templated":true}]}}