{"id":41826,"date":"2020-03-30T10:30:02","date_gmt":"2020-03-30T08:30:02","guid":{"rendered":"https:\/\/www.messinaoggi.it\/website\/?p=41826"},"modified":"2020-03-30T10:30:02","modified_gmt":"2020-03-30T08:30:02","slug":"covid-de-domenico-alla-regione-florovivaismo-in-difficolta-si-intervenga","status":"publish","type":"post","link":"https:\/\/www.messinaoggi.it\/website\/2020\/03\/30\/covid-de-domenico-alla-regione-florovivaismo-in-difficolta-si-intervenga\/","title":{"rendered":"Covid, De Domenico alla Regione: &quot;Florovivaismo in difficolt\u00e0, si intervenga&quot;"},"content":{"rendered":"<p>Il deputato regionale Francesco De Domenico lancia un appello al presidente della Regione Siciliana Nello Musumeci affinch\u00e9 intervenga a tutela del settore del florovivaismo, che starebbe affrontando un periodo duro sotto il profilo economico per via dell&#8217;emergenza coronavirus. Tra l&#8217;altro, stando a quanto dichiarato dal deputato regionale, \u00e8 proprio a Messina che tale settore riveste un&#8217;importanza maggiore.<br \/>\n&#8220;Il florovivaismo costituisce uno dei settori che contribuiscono in modo significativo al Pil della nostra regione. &#8211; spiega De Domenico &#8211; Il 20 per cento della produzione appartiene a Messina e vale, a prezzi di produzione, oltre 35 milioni di euro. Il distretto produttivo pi\u00f9 vasto della Regione \u00e8 allocato prevalentemente tra Milazzo e Oliveri; tantissimi imprenditori, per oltre 700 aziende, hanno investito il loro futuro nel florovivaismo e tanti padri di famiglia ci lavorano e portano a casa un salario, con un indotto commerciale e di servizi non meno importante.<br \/>\n&#8220;Il settore florovivaistico della provincia di Messina, ma anche di tutta la regione siciliana, costituisce uno dei pochi modelli di sviluppo imprenditoriale di successo del nostro territorio, realizzato attraverso la riconversione produttiva dal tradizionale vivaismo ortofrutticolo in nuove produzioni ornamentali in vaso di specie autoctone della flora mediterranea che trovano ampia collocazione nei mercati nazionali e internazionali. Tutto ci\u00f2 si \u00e8 potuto realizzare attraverso importanti investimenti in innovazione e infrastrutture, nella stragrande maggioranza con risorse finanziare degli stessi imprenditori.<br \/>\n&#8220;Purtroppo la crisi dei mercati conseguente al coronavirus ha messo in grossissime difficolt\u00e0 finanziarie la maggior parte di queste aziende. A differenza di altri settori, infatti, non solo si \u00e8 fermata l&#8217;attivit\u00e0, ma si \u00e8 persa irrimediabilmente la quasi totalit\u00e0 della produzione. \u00c8 noto che proprio tra marzo e giugno si conclude per queste imprese il ciclo produttivo che va da un anno, nella migliore delle ipotesi, a tre anni. Queste aziende, perdendo il ricavato della produzione di questi mesi, hanno perso le risorse finanziarie che le avrebbero garantito il lavoro, l&#8217;approvvigionamento delle risorse e gli investimenti del prossimo anno. Queste aziende non possono essere equiparate alle altre imprese: ci vogliono misure finanziarie ad hoc della quale la Regione e l&#8217;assessorato all&#8217;Agricoltura dovranno farsi carico. Non possiamo permetterci di perdere una delle poche eccellenze del territorio!<br \/>\n&#8220;Pertanto ho presentato una interpellanza, che non appena si riunisce l&#8217;Aula, potr\u00f2 in mozione, con la quale si potr\u00e0 chiedere con l\u2019aiuto di tutti i deputati dell\u2019Ars, in primis dei deputati messinesi, senza distinzione di partito, di impegnare il governo in tal senso. La difesa del lavoro e del futuro di un settore cos\u00ec importante per il nostro territorio non deve appartenere a nessuno, \u00e8 una battaglia che dobbiamo combattere uniti!&#8221;.<div id=\"div-gpt-ad-Messinaoggi.it-DSK-300x250-corpoart\" style=\"text-align:center;margin:0 auto;\"><\/div><\/p>\n<div id=\"videoincontent\" style=\"clear:both\";><\/div>","protected":false},"excerpt":{"rendered":"<p>Il deputato regionale Francesco De Domenico lancia un appello al presidente della Regione Siciliana Nello Musumeci affinch\u00e9 intervenga a tutela del settore del florovivaismo, che starebbe affrontando un periodo duro sotto il profilo economico per via dell&#8217;emergenza coronavirus. Tra l&#8217;altro, stando a quanto dichiarato dal deputato regionale, \u00e8 proprio a Messina che tale settore riveste [&hellip;]<\/p>\n","protected":false},"author":8,"featured_media":35427,"comment_status":"closed","ping_status":"closed","sticky":false,"template":"","format":"standard","meta":{"ub_ctt_via":"","_mi_skip_tracking":false},"categories":[4],"tags":[],"featured_image_src":"https:\/\/www.messinaoggi.it\/website\/wp-content\/uploads\/2019\/07\/franco-de-domenico.jpg","author_info":{"display_name":"red..me","author_link":"https:\/\/www.messinaoggi.it\/website\/author\/redstage\/"},"digistream_id":0,"digistream":false,"_links":{"self":[{"href":"https:\/\/www.messinaoggi.it\/website\/wp-json\/wp\/v2\/posts\/41826"}],"collection":[{"href":"https:\/\/www.messinaoggi.it\/website\/wp-json\/wp\/v2\/posts"}],"about":[{"href":"https:\/\/www.messinaoggi.it\/website\/wp-json\/wp\/v2\/types\/post"}],"author":[{"embeddable":true,"href":"https:\/\/www.messinaoggi.it\/website\/wp-json\/wp\/v2\/users\/8"}],"replies":[{"embeddable":true,"href":"https:\/\/www.messinaoggi.it\/website\/wp-json\/wp\/v2\/comments?post=41826"}],"version-history":[{"count":0,"href":"https:\/\/www.messinaoggi.it\/website\/wp-json\/wp\/v2\/posts\/41826\/revisions"}],"wp:featuredmedia":[{"embeddable":true,"href":"https:\/\/www.messinaoggi.it\/website\/wp-json\/wp\/v2\/media\/35427"}],"wp:attachment":[{"href":"https:\/\/www.messinaoggi.it\/website\/wp-json\/wp\/v2\/media?parent=41826"}],"wp:term":[{"taxonomy":"category","embeddable":true,"href":"https:\/\/www.messinaoggi.it\/website\/wp-json\/wp\/v2\/categories?post=41826"},{"taxonomy":"post_tag","embeddable":true,"href":"https:\/\/www.messinaoggi.it\/website\/wp-json\/wp\/v2\/tags?post=41826"}],"curies":[{"name":"wp","href":"https:\/\/api.w.org\/{rel}","templated":true}]}}