{"id":41796,"date":"2020-03-28T18:47:34","date_gmt":"2020-03-28T17:47:34","guid":{"rendered":"https:\/\/www.messinaoggi.it\/website\/?p=41796"},"modified":"2020-03-28T18:47:34","modified_gmt":"2020-03-28T17:47:34","slug":"catenoshow-domani-sera-a-non-e-larena-di-massimo-giletti-2","status":"publish","type":"post","link":"https:\/\/www.messinaoggi.it\/website\/2020\/03\/28\/catenoshow-domani-sera-a-non-e-larena-di-massimo-giletti-2\/","title":{"rendered":"&quot;CatenoShow&quot; domani sera a &quot;Non \u00e8 l&#039;Arena&quot; di Massimo Giletti"},"content":{"rendered":"<p style=\"text-align: justify;\">Domani 29 marzo, alle 20.30 su LA7, nuovo appuntamento con \u201cNon \u00e8 l\u2019Arena\u201d: Massimo Giletti torner\u00e0 con la sua squadra per raccontare come la pandemia in atto \u00e8 una tragedia umana dalle proporzioni enormi. Una tragedia la cui fine ancora non si intravede, perch\u00e9 il coronavirus in Italia ma soprattutto Lombardia continua ad uccidere.<div id=\"div-gpt-ad-Messinaoggi.it-DSK-300x250-corpoart\" style=\"text-align:center;margin:0 auto;\"><\/div><\/p>\n<p style=\"text-align: justify;\">Troppi morti, cos\u2019\u00e8 successo? Qualcosa non ha funzionato? Immagini, storie, collegamenti, testimonianze, commentate in diretta con Fabrizio Pregliasco, Luca Telese, Annalisa Chirico, Cristiano Aresu, Red Ronnie, Pierpaolo Sileri, Federico Vespa, Hoara Borselli, Augusto Minzolini e Vauro.Nel corso della puntata per un\u2019ulteriore riflessione sulle conseguenze economiche dell\u2019emergenza sanitaria, Giletti intervister\u00e0 l\u2019imprenditore di fama mondiale Flavio Briatore.Dopo la denuncia per vilipendio da parte del Viminale per l\u2019uso di parole offensive nei confronti dell\u2019istituzione in piena emergenza Covid-19, il sindaco di Messina\u00a0 Cateno De Luca chiarir\u00e0 il suo punto di vista in un\u2019intervista con Massimo Giletti.Tra i temi della puntata anche un lungo reportage nella Sanit\u00e0 del Sud al tempo del Covid-19: dalla Calabria dove diversi rappresentanti delle istituzioni regionali sono spariti dalla scena nel bel mezzo della crisi, alla Puglia dove in piena emergenza negli Ospedali mancano i dispositivi di sicurezza per i sanitari e si lotta per creare qualche posto di terapia intensiva in pi\u00f9. Interverranno Pietrangelo Buttafuoco, Nunzia De Girolamo, Domenico Iannacone, Nuccio Azzar\u00e0 e il Generale Saverio Cotticelli.<div id=\"videoincontent\" style=\"clear:both\";><\/div><\/p>\n","protected":false},"excerpt":{"rendered":"<p>Domani 29 marzo, alle 20.30 su LA7, nuovo appuntamento con \u201cNon \u00e8 l\u2019Arena\u201d: Massimo Giletti torner\u00e0 con la sua squadra per raccontare come la pandemia in atto \u00e8 una tragedia umana dalle proporzioni enormi. Una tragedia la cui fine ancora non si intravede, perch\u00e9 il coronavirus in Italia ma soprattutto Lombardia continua ad uccidere. Troppi [&hellip;]<\/p>\n","protected":false},"author":2,"featured_media":41794,"comment_status":"closed","ping_status":"closed","sticky":false,"template":"","format":"standard","meta":{"ub_ctt_via":"","_mi_skip_tracking":false},"categories":[19],"tags":[],"featured_image_src":"https:\/\/www.messinaoggi.it\/website\/wp-content\/uploads\/2020\/03\/Non-e\u0300-lArena-conduce-Massimo-Giletti-678x381-1.jpg","author_info":{"display_name":"Redazione","author_link":"https:\/\/www.messinaoggi.it\/website\/author\/redazione\/"},"digistream_id":0,"digistream":false,"_links":{"self":[{"href":"https:\/\/www.messinaoggi.it\/website\/wp-json\/wp\/v2\/posts\/41796"}],"collection":[{"href":"https:\/\/www.messinaoggi.it\/website\/wp-json\/wp\/v2\/posts"}],"about":[{"href":"https:\/\/www.messinaoggi.it\/website\/wp-json\/wp\/v2\/types\/post"}],"author":[{"embeddable":true,"href":"https:\/\/www.messinaoggi.it\/website\/wp-json\/wp\/v2\/users\/2"}],"replies":[{"embeddable":true,"href":"https:\/\/www.messinaoggi.it\/website\/wp-json\/wp\/v2\/comments?post=41796"}],"version-history":[{"count":0,"href":"https:\/\/www.messinaoggi.it\/website\/wp-json\/wp\/v2\/posts\/41796\/revisions"}],"wp:featuredmedia":[{"embeddable":true,"href":"https:\/\/www.messinaoggi.it\/website\/wp-json\/wp\/v2\/media\/41794"}],"wp:attachment":[{"href":"https:\/\/www.messinaoggi.it\/website\/wp-json\/wp\/v2\/media?parent=41796"}],"wp:term":[{"taxonomy":"category","embeddable":true,"href":"https:\/\/www.messinaoggi.it\/website\/wp-json\/wp\/v2\/categories?post=41796"},{"taxonomy":"post_tag","embeddable":true,"href":"https:\/\/www.messinaoggi.it\/website\/wp-json\/wp\/v2\/tags?post=41796"}],"curies":[{"name":"wp","href":"https:\/\/api.w.org\/{rel}","templated":true}]}}