{"id":41764,"date":"2020-03-28T11:15:07","date_gmt":"2020-03-28T10:15:07","guid":{"rendered":"https:\/\/www.messinaoggi.it\/website\/?p=41764"},"modified":"2020-03-28T11:15:07","modified_gmt":"2020-03-28T10:15:07","slug":"centro-dx-con-musumeci-appoggiamo-la-protesta-per-la-mancata-consegna-dei-kit","status":"publish","type":"post","link":"https:\/\/www.messinaoggi.it\/website\/2020\/03\/28\/centro-dx-con-musumeci-appoggiamo-la-protesta-per-la-mancata-consegna-dei-kit\/","title":{"rendered":"Centro-dx con Musumeci: &quot;Appoggiamo la protesta per la mancata consegna dei kit&quot;"},"content":{"rendered":"<p>Il centro-destra siciliano appoggia la protesta di Musumeci per la mancata consegna alla Sicilia del materiale necessario per contrastare il coronavirus. Otto deputati del parlamento siciliano che appoggiano l&#8217;attuale esecutivo regionale (Marianna Caronia, Giovanni Bulla e Antonio Catalfamo &#8211; Lega; Luisa Lantieri e Giuseppe Gennuso &#8211; Ora Sicilia; Carmelo Pullara e Giuseppe Compagnone &#8211; Popolari-Autonomisti; e Stefano Pellegrino &#8211; Forza Italia) hanno dichiarato infatti di schierarsi dalla parte del governatore regionale, il quale aveva recentemente denunciato la mancata consegna alla Regione di ventilatori elettrici e kit diagnostici, oltre che un numero insufficiente di mascherine, per affrontare con maggiore adeguatezza il picco di contagi previsto per la prima decade di aprile.<div id=\"div-gpt-ad-Messinaoggi.it-DSK-300x250-corpoart\" style=\"text-align:center;margin:0 auto;\"><\/div><\/p>\n<blockquote class=\"wp-embedded-content\" data-secret=\"a1fWo4WV6R\"><p><a href=\"https:\/\/www.messinaoggi.it\/website\/2020\/03\/28\/covid-19-picco-non-lontano-virus-non-da-laboratorio\/\">Covid 19: &quot;Picco non lontano, virus non da laboratorio&quot;<\/a><div id=\"videoincontent\" style=\"clear:both\";><\/div><\/p><\/blockquote>\n<p><iframe class=\"wp-embedded-content\" sandbox=\"allow-scripts\" security=\"restricted\" style=\"position: absolute; clip: rect(1px, 1px, 1px, 1px);\" title=\"&#8220;Covid 19: &quot;Picco non lontano, virus non da laboratorio&quot;&#8221; &#8212; Messina Oggi\" src=\"https:\/\/www.messinaoggi.it\/website\/2020\/03\/28\/covid-19-picco-non-lontano-virus-non-da-laboratorio\/embed\/#?secret=a1fWo4WV6R\" data-secret=\"a1fWo4WV6R\" width=\"500\" height=\"282\" frameborder=\"0\" marginwidth=\"0\" marginheight=\"0\" scrolling=\"no\"><\/iframe><br \/>\nPer gli otto parlamentari \u201c\u00e8 fondamentale, e in questo diamo al Governatore tutti il nostro solidale sostegno, lavorare per creare un fronte comune, per contenere la diffusione dell\u2019epidemia e per salvaguardare in ogni modo l\u2019incolumit\u00e0 dei cittadini e la salute pubblica. Non \u00e8 il momento di fare polemiche, che sarebbero sterili, e forse non tutte le strategie e le decisioni sono state prese in modo appropriato, ma lavorare in emergenza \u00e8 difficilissimo, soprattutto in un quadro epidemiologico\u00a0assolutamente nuovo e che cambia di giorno in giorno\u201d.<br \/>\n\u201c\u00c8 questo il momento \u2013 affermano gli otto parlamentari \u2013 di dare il proprio contributo, il proprio sostegno, di dimostrare di essere capaci a collaborare con efficienza, professionalit\u00e0 e solidariet\u00e0. Riteniamo che oggi pi\u00f9 che mai il confronto e la collaborazione siano i cardini cui il governatore e l\u2019assessore Razza debbano improntare la loro azione quotidiana, stante che ad oggi hanno ormai dispiegato le loro strategie sanitarie\u00a0a fronte dell\u2019emergenza. L\u2019importanza della collaborazione va perseguita anche per un consenso unanime dei territori su decisioni che hanno imposto ed impongono ai cittadini e alle forze sanitarie sacrifici importanti. Infatti oggi \u00e8 tempo di agire e di prendere decisioni che governano al meglio l\u2019attuale situazione di emergenza per guardare al futuro\u201d.<br \/>\n\u201c\u00c8 il momento questo \u2013 concludono gli otto deputati \u2013 di procedere adottando strategie comuni nella massima trasparenza e chiarezza, evitando comportamenti opachi e che possano generare incomprensioni sulle iniziative del governo regionale\u201d.<\/p>\n","protected":false},"excerpt":{"rendered":"<p>Il centro-destra siciliano appoggia la protesta di Musumeci per la mancata consegna alla Sicilia del materiale necessario per contrastare il coronavirus. Otto deputati del parlamento siciliano che appoggiano l&#8217;attuale esecutivo regionale (Marianna Caronia, Giovanni Bulla e Antonio Catalfamo &#8211; Lega; Luisa Lantieri e Giuseppe Gennuso &#8211; Ora Sicilia; Carmelo Pullara e Giuseppe Compagnone &#8211; Popolari-Autonomisti; [&hellip;]<\/p>\n","protected":false},"author":8,"featured_media":32779,"comment_status":"closed","ping_status":"closed","sticky":false,"template":"","format":"standard","meta":{"ub_ctt_via":"","_mi_skip_tracking":false},"categories":[11],"tags":[],"featured_image_src":"https:\/\/www.messinaoggi.it\/website\/wp-content\/uploads\/2019\/05\/BE0F9B85-9DFE-4655-AE6C-645B44547D38.jpeg","author_info":{"display_name":"red..me","author_link":"https:\/\/www.messinaoggi.it\/website\/author\/redstage\/"},"digistream_id":0,"digistream":false,"_links":{"self":[{"href":"https:\/\/www.messinaoggi.it\/website\/wp-json\/wp\/v2\/posts\/41764"}],"collection":[{"href":"https:\/\/www.messinaoggi.it\/website\/wp-json\/wp\/v2\/posts"}],"about":[{"href":"https:\/\/www.messinaoggi.it\/website\/wp-json\/wp\/v2\/types\/post"}],"author":[{"embeddable":true,"href":"https:\/\/www.messinaoggi.it\/website\/wp-json\/wp\/v2\/users\/8"}],"replies":[{"embeddable":true,"href":"https:\/\/www.messinaoggi.it\/website\/wp-json\/wp\/v2\/comments?post=41764"}],"version-history":[{"count":0,"href":"https:\/\/www.messinaoggi.it\/website\/wp-json\/wp\/v2\/posts\/41764\/revisions"}],"wp:featuredmedia":[{"embeddable":true,"href":"https:\/\/www.messinaoggi.it\/website\/wp-json\/wp\/v2\/media\/32779"}],"wp:attachment":[{"href":"https:\/\/www.messinaoggi.it\/website\/wp-json\/wp\/v2\/media?parent=41764"}],"wp:term":[{"taxonomy":"category","embeddable":true,"href":"https:\/\/www.messinaoggi.it\/website\/wp-json\/wp\/v2\/categories?post=41764"},{"taxonomy":"post_tag","embeddable":true,"href":"https:\/\/www.messinaoggi.it\/website\/wp-json\/wp\/v2\/tags?post=41764"}],"curies":[{"name":"wp","href":"https:\/\/api.w.org\/{rel}","templated":true}]}}