{"id":41717,"date":"2020-03-26T20:28:23","date_gmt":"2020-03-26T19:28:23","guid":{"rendered":"https:\/\/www.messinaoggi.it\/website\/?p=41717"},"modified":"2020-03-26T20:28:23","modified_gmt":"2020-03-26T19:28:23","slug":"parla-il-fratello-del-medico-additato-come-untore-ci-siamo-messi-in-quarantena-lui-invitato-a-lavorare-dallazienda-perche-senza-sintomi","status":"publish","type":"post","link":"https:\/\/www.messinaoggi.it\/website\/2020\/03\/26\/parla-il-fratello-del-medico-additato-come-untore-ci-siamo-messi-in-quarantena-lui-invitato-a-lavorare-dallazienda-perche-senza-sintomi\/","title":{"rendered":"Parla il fratello del medico additato come untore: &quot;Ci siamo messi in quarantena, lui invitato a lavorare dall&#039;azienda perch\u00e9 senza sintomi&quot;"},"content":{"rendered":"<p style=\"text-align: justify;\">Il fratello del medico anestesista ricoverato al Policlinico al Covid-Hospital ha scritto un suo pensiero sulla vicenda dei cosiddetti &#8220;sciatori&#8221;. Emerge una verit\u00e0 diversa rispetto a quella propugnata fino ad oggi.<div id=\"div-gpt-ad-Messinaoggi.it-DSK-300x250-corpoart\" style=\"text-align:center;margin:0 auto;\"><\/div><\/p>\n<p style=\"text-align: justify;\">&#8220;<em>Dopo aver riflettuto, sento la necessit\u00e0 di esprimere il mio pensiero con riferimento alla gogna mediatica subita a seguito della mia partecipazione alla vituperata settimana bianca&#8230; sono state diverse le liste di proscrizione, che pensavo ormai un ricordo di altri pi\u00f9 bui tempi, nelle quali sono stato inserito, e gli insulti circolati sui social, sui quali il mio nome \u00e8 stato associato a quello di altri, presunti untori, esposti al pubblico disprezzo, insieme ad altri componenti della mia famiglia. Le sensazioni provate sono state tante, spesso neanche distinguibili sul momento, dando vita ad una girandola nella quale la rabbia spesso cedeva il posto allo sgomento, e ad una sensazione di dolore impotente per quella che ritenevo fosse un\u2019ingiustizia, forse la pi\u00f9 cocente della mia vita. <\/em><div id=\"videoincontent\" style=\"clear:both\";><\/div><\/p>\n<p style=\"text-align: justify;\"><em>Ero partito per una vacanza, aderendo ad un viaggio organizzato da amici, con alcuni familiari, quando a Messina niente lasciava presagire quello che sarebbe accaduto, quando i miei concittadini uscivano la sera, socializzano nei bar e nei locali, come di consueto, attenendomi al rientro alle disposizioni appena entrate in vigore(giorno 9 marzo) denunziandomi all\u2019ASL competente, ed al mio medico, e mettendomi in quarantena. Quale legge etica, prima che giuridica, avrei violato? Cosa giustificava un\u2019aggressione mediatica cos\u00ec violenta? Il carattere strettamente personale della responsabilit\u00e0 \u00e8 un pilastro della nostra civilt\u00e0 occidentale, almeno questo ho sempre insegnato ai miei studenti: ciascuno \u00e8 fatto responsabile delle proprie azioni! Qualcuno dei cosiddetti sciatori, si sentenzia sui Social non si \u00e8 denunziato! Io dico, se ne assumer\u00e0 la responsabilit\u00e0 nelle sedi competenti, non sui social, e subir\u00e0, ove fosse accertato, la giusta sanzione! Non fosse altro perch\u00e9 la gogna o il rogo mediatico non sono tollerabili, oltre ad essere indegne di una comunit\u00e0 che si dice civile. Prima di concludere, non intendo andare oltre, anche per non essere costretto a scavare ancora dolorosamente nel profondo della mia indignazione, mi permetto di spendere qualche parola nell\u2019interesse di Claudio, legittimamente invitato dalla sua azienda a lavorare, perch\u00e9 non presentava, luned\u00ec 9 marzo, alcuna sintomatologia, cos\u00ec come previsto dal famoso DPCM, che lo esentava dalla quarantena, e poi bollato come uno dei medici untori, nel momento in cui, il gioved\u00ec successivo si \u00e8 ammalato, dopo aver fatto il suo dovere, forse anche proprio per aver fatto il suo dovere. <\/em><\/p>\n<p style=\"text-align: justify;\"><em>La verit\u00e0 \u00e8 figlia del tempo, ed \u00e8 aliena dal clamore, dal chiasso di chi urla, perch\u00e9 non ha ragione, di chi discetta di cose che sconosce, da chi proferisce giudizi morali senza conoscere l\u2019etica del rispetto della dignit\u00e0 umana, per i tanti vacui ripetitori di cose apprese de relato, dette da altri ai quali \u00e8 stato a loro volta riferito, senza alcun senso critico, e senza alcuna vera coscienza civile, approfittando del rumore, animati solo dal desiderio di vedere ancora pi\u00f9 sangue nell\u2019arena, come solo in una comunit\u00e0 raccogliticcia, purtroppo spesso mossa da sobillatori e improbabili Masaniello \u00e8 possibile che accada<\/em>&#8220;.<\/p>\n<p>*<strong>Abbiamo scelto di non riportare nomi e cognomi perch\u00e9 la lista dei cosiddetti &#8220;sciatori&#8221; \u00e8 stata secretata per ordine della magistratura.<\/strong><\/p>\n","protected":false},"excerpt":{"rendered":"<p>Il fratello del medico anestesista ricoverato al Policlinico al Covid-Hospital ha scritto un suo pensiero sulla vicenda dei cosiddetti &#8220;sciatori&#8221;. Emerge una verit\u00e0 diversa rispetto a quella propugnata fino ad oggi. &#8220;Dopo aver riflettuto, sento la necessit\u00e0 di esprimere il mio pensiero con riferimento alla gogna mediatica subita a seguito della mia partecipazione alla vituperata [&hellip;]<\/p>\n","protected":false},"author":2,"featured_media":1426,"comment_status":"closed","ping_status":"closed","sticky":false,"template":"","format":"standard","meta":{"ub_ctt_via":"","_mi_skip_tracking":false},"categories":[19],"tags":[],"featured_image_src":"https:\/\/www.messinaoggi.it\/website\/wp-content\/uploads\/2017\/06\/Policlinico-3.jpg","author_info":{"display_name":"Redazione","author_link":"https:\/\/www.messinaoggi.it\/website\/author\/redazione\/"},"digistream_id":0,"digistream":false,"_links":{"self":[{"href":"https:\/\/www.messinaoggi.it\/website\/wp-json\/wp\/v2\/posts\/41717"}],"collection":[{"href":"https:\/\/www.messinaoggi.it\/website\/wp-json\/wp\/v2\/posts"}],"about":[{"href":"https:\/\/www.messinaoggi.it\/website\/wp-json\/wp\/v2\/types\/post"}],"author":[{"embeddable":true,"href":"https:\/\/www.messinaoggi.it\/website\/wp-json\/wp\/v2\/users\/2"}],"replies":[{"embeddable":true,"href":"https:\/\/www.messinaoggi.it\/website\/wp-json\/wp\/v2\/comments?post=41717"}],"version-history":[{"count":0,"href":"https:\/\/www.messinaoggi.it\/website\/wp-json\/wp\/v2\/posts\/41717\/revisions"}],"wp:featuredmedia":[{"embeddable":true,"href":"https:\/\/www.messinaoggi.it\/website\/wp-json\/wp\/v2\/media\/1426"}],"wp:attachment":[{"href":"https:\/\/www.messinaoggi.it\/website\/wp-json\/wp\/v2\/media?parent=41717"}],"wp:term":[{"taxonomy":"category","embeddable":true,"href":"https:\/\/www.messinaoggi.it\/website\/wp-json\/wp\/v2\/categories?post=41717"},{"taxonomy":"post_tag","embeddable":true,"href":"https:\/\/www.messinaoggi.it\/website\/wp-json\/wp\/v2\/tags?post=41717"}],"curies":[{"name":"wp","href":"https:\/\/api.w.org\/{rel}","templated":true}]}}