{"id":41657,"date":"2020-03-25T11:35:42","date_gmt":"2020-03-25T10:35:42","guid":{"rendered":"https:\/\/www.messinaoggi.it\/website\/?p=41657"},"modified":"2020-03-25T11:35:42","modified_gmt":"2020-03-25T10:35:42","slug":"disperati-bloccati-a-villa-sono-a-messina-allhotel-europa","status":"publish","type":"post","link":"https:\/\/www.messinaoggi.it\/website\/2020\/03\/25\/disperati-bloccati-a-villa-sono-a-messina-allhotel-europa\/","title":{"rendered":"Disperati bloccati a Villa sono a Messina all&#039;Hotel Europa"},"content":{"rendered":"<p style=\"text-align: justify;\">Una sessantina degli oltre cento &#8220;disperati&#8221; bloccati da tre giorni a Villa San Giovanni sono giunti a Messina e messi in quarantena all&#8217;Hotel Europa. Lo ha resto noto la deputata messinese del M5S, Angela Raffa.<div id=\"div-gpt-ad-Messinaoggi.it-DSK-300x250-corpoart\" style=\"text-align:center;margin:0 auto;\"><\/div><\/p>\n<p style=\"text-align: justify;\">Dopo l&#8217;ordinanza del governatore Nello Musumeci e la plateale protesta del sindaco De Luca, una cinquantina di macchine sono state stoppate al porto di Villa San Giovanni perch\u00e9 i passeggeri non erano in regola con le autocertificazioni. Ieri \u00e8 scoppiato il caso nazionale, la vicenda \u00e8 finita su Tv e stampa dopo che la politica calabrese ha alzato le barricate chiedendo che le persone fossero trasferite in Sicilia, dove del resto erano dirette.<div id=\"videoincontent\" style=\"clear:both\";><\/div><\/p>\n<p style=\"text-align: justify;\">Il Viminale ha cos\u00ec dato il via libera al trasferimento controllato in Sicilia. Alcuni sono stati messi in quarantena presso l&#8217;Hotel Europa, mentre per altri si stanno trovando altre soluzioni.<\/p>\n","protected":false},"excerpt":{"rendered":"<p>Una sessantina degli oltre cento &#8220;disperati&#8221; bloccati da tre giorni a Villa San Giovanni sono giunti a Messina e messi in quarantena all&#8217;Hotel Europa. Lo ha resto noto la deputata messinese del M5S, Angela Raffa. Dopo l&#8217;ordinanza del governatore Nello Musumeci e la plateale protesta del sindaco De Luca, una cinquantina di macchine sono state [&hellip;]<\/p>\n","protected":false},"author":2,"featured_media":41660,"comment_status":"closed","ping_status":"closed","sticky":false,"template":"","format":"standard","meta":{"ub_ctt_via":"","_mi_skip_tracking":false},"categories":[6,11],"tags":[],"featured_image_src":"https:\/\/www.messinaoggi.it\/website\/wp-content\/uploads\/2020\/03\/F177A83D-0FDD-47BC-AF64-02FE0884FD5D.jpeg","author_info":{"display_name":"Redazione","author_link":"https:\/\/www.messinaoggi.it\/website\/author\/redazione\/"},"digistream_id":0,"digistream":false,"_links":{"self":[{"href":"https:\/\/www.messinaoggi.it\/website\/wp-json\/wp\/v2\/posts\/41657"}],"collection":[{"href":"https:\/\/www.messinaoggi.it\/website\/wp-json\/wp\/v2\/posts"}],"about":[{"href":"https:\/\/www.messinaoggi.it\/website\/wp-json\/wp\/v2\/types\/post"}],"author":[{"embeddable":true,"href":"https:\/\/www.messinaoggi.it\/website\/wp-json\/wp\/v2\/users\/2"}],"replies":[{"embeddable":true,"href":"https:\/\/www.messinaoggi.it\/website\/wp-json\/wp\/v2\/comments?post=41657"}],"version-history":[{"count":0,"href":"https:\/\/www.messinaoggi.it\/website\/wp-json\/wp\/v2\/posts\/41657\/revisions"}],"wp:featuredmedia":[{"embeddable":true,"href":"https:\/\/www.messinaoggi.it\/website\/wp-json\/wp\/v2\/media\/41660"}],"wp:attachment":[{"href":"https:\/\/www.messinaoggi.it\/website\/wp-json\/wp\/v2\/media?parent=41657"}],"wp:term":[{"taxonomy":"category","embeddable":true,"href":"https:\/\/www.messinaoggi.it\/website\/wp-json\/wp\/v2\/categories?post=41657"},{"taxonomy":"post_tag","embeddable":true,"href":"https:\/\/www.messinaoggi.it\/website\/wp-json\/wp\/v2\/tags?post=41657"}],"curies":[{"name":"wp","href":"https:\/\/api.w.org\/{rel}","templated":true}]}}