{"id":41607,"date":"2020-03-24T11:10:49","date_gmt":"2020-03-24T10:10:49","guid":{"rendered":"https:\/\/www.messinaoggi.it\/website\/?p=41607"},"modified":"2020-03-24T11:10:49","modified_gmt":"2020-03-24T10:10:49","slug":"ospedale-s-agata-la-uil-fpl-chiede-chiarimenti-sul-covid-hospital","status":"publish","type":"post","link":"https:\/\/www.messinaoggi.it\/website\/2020\/03\/24\/ospedale-s-agata-la-uil-fpl-chiede-chiarimenti-sul-covid-hospital\/","title":{"rendered":"Ospedale S. Agata, la Uil-Fpl chiede chiarimenti sul Covid Hospital"},"content":{"rendered":"<p style=\"text-align: justify;\">\u201cLa scrivente organizzazione sindacale \u00e8 venuta a conoscenza che \u00e8 stata disposta la trasformazione del PO di S. Agata di Militello ospedale di base in COVID Hospital. Senza volere entrare nel merito di tale provvedimento che appartiene esclusivamente al potere organizzatorio dell\u2019Ente, ci corre l\u2019obbligo nell\u2019interesse dei lavoratori e dei cittadini\/utenti chiedere chiarimenti su alcuni importanti aspetti della nuova rimodulazione del presidio ospedaliero di S. Agata\u201d.<div id=\"div-gpt-ad-Messinaoggi.it-DSK-300x250-corpoart\" style=\"text-align:center;margin:0 auto;\"><\/div><\/p>\n<p style=\"text-align: justify;\">Lo scrivono in una nota indirizzata al manager dell\u2019Asp di Messina, il segretario provinciale della Uil-Fpl, <strong>Pippo Calapai<\/strong>, e il responsabile dell\u2019area medica, <strong>Mario Salvatore Macr\u00ec<\/strong>.<div id=\"videoincontent\" style=\"clear:both\";><\/div><\/p>\n<p style=\"text-align: justify;\">Nello specifico i sindacalisti chiedono di conoscere il cronoprogramma della trasformazione del P.O. di S. Agata in COVID Hospital; la nuova rideterminazione delle reti tempo-dipendenti riferite all\u2019emergenza\/urgenza che afferiscono al PO di S. Agata per quanto attiene il Percorso Nascita (STEN e STAM), la Reta Ima, la Rete dello Stroke, il trattamento della frattura del femore entro 48 ore etc. cos\u00ec come previsto dal decreto Balduzzi e dai diversi Decreti e Circolari Assessoriali Regionali poich\u00e9 il Presidio ospedaliero, classificato di Base, \u00e8 ben incardinato nella rete dell\u2019emergenza\/urgenza dei territori dell\u2019Area nebroidea e dell\u2019area della costa tirrenica; l\u2019assunzione straordinaria di nuovo personale medico a tempo determinato quale: Anestesisti-Rianimatori, Pneumologi, Infettivologi e Patologi Clinici dedicato al Presidio; la formazione di tutto il personale sanitario che dovr\u00e0 operare in tale struttura; l\u2019attivazione di un supporto psicologico per tutto il personale sanitario del presidio ospedaliero; di dotare di tutti i dispostivi sanitari individuali previsti per legge il personale in servizio presso il \u201cCOVID Hospital\u201d; l\u2019attivazione di posti letto di terapia intensiva.<\/p>\n<p class=\"s10\"><span class=\"s5\"><span class=\"bumpedFont15\">Auspichiamo che codesta Amministrazione accolga quanto richiesto dalla scrivente Organizzazione Sindacale, altrimenti diventa facilmente immaginabile che il suddetto P.O. sia stato trasformato in un \u201cCOVID Nursing Home\u201d.<\/span><\/span><\/p>\n","protected":false},"excerpt":{"rendered":"<p>\u201cLa scrivente organizzazione sindacale \u00e8 venuta a conoscenza che \u00e8 stata disposta la trasformazione del PO di S. Agata di Militello ospedale di base in COVID Hospital. Senza volere entrare nel merito di tale provvedimento che appartiene esclusivamente al potere organizzatorio dell\u2019Ente, ci corre l\u2019obbligo nell\u2019interesse dei lavoratori e dei cittadini\/utenti chiedere chiarimenti su alcuni [&hellip;]<\/p>\n","protected":false},"author":2,"featured_media":41361,"comment_status":"closed","ping_status":"closed","sticky":false,"template":"","format":"standard","meta":{"ub_ctt_via":"","_mi_skip_tracking":false},"categories":[13,18,6],"tags":[],"featured_image_src":"https:\/\/www.messinaoggi.it\/website\/wp-content\/uploads\/2020\/03\/foto-_terapia-subintensiva_Spallanzani.jpg","author_info":{"display_name":"Redazione","author_link":"https:\/\/www.messinaoggi.it\/website\/author\/redazione\/"},"digistream_id":0,"digistream":false,"_links":{"self":[{"href":"https:\/\/www.messinaoggi.it\/website\/wp-json\/wp\/v2\/posts\/41607"}],"collection":[{"href":"https:\/\/www.messinaoggi.it\/website\/wp-json\/wp\/v2\/posts"}],"about":[{"href":"https:\/\/www.messinaoggi.it\/website\/wp-json\/wp\/v2\/types\/post"}],"author":[{"embeddable":true,"href":"https:\/\/www.messinaoggi.it\/website\/wp-json\/wp\/v2\/users\/2"}],"replies":[{"embeddable":true,"href":"https:\/\/www.messinaoggi.it\/website\/wp-json\/wp\/v2\/comments?post=41607"}],"version-history":[{"count":0,"href":"https:\/\/www.messinaoggi.it\/website\/wp-json\/wp\/v2\/posts\/41607\/revisions"}],"wp:featuredmedia":[{"embeddable":true,"href":"https:\/\/www.messinaoggi.it\/website\/wp-json\/wp\/v2\/media\/41361"}],"wp:attachment":[{"href":"https:\/\/www.messinaoggi.it\/website\/wp-json\/wp\/v2\/media?parent=41607"}],"wp:term":[{"taxonomy":"category","embeddable":true,"href":"https:\/\/www.messinaoggi.it\/website\/wp-json\/wp\/v2\/categories?post=41607"},{"taxonomy":"post_tag","embeddable":true,"href":"https:\/\/www.messinaoggi.it\/website\/wp-json\/wp\/v2\/tags?post=41607"}],"curies":[{"name":"wp","href":"https:\/\/api.w.org\/{rel}","templated":true}]}}