{"id":41569,"date":"2020-03-23T13:04:51","date_gmt":"2020-03-23T12:04:51","guid":{"rendered":"https:\/\/www.messinaoggi.it\/website\/?p=41569"},"modified":"2020-03-23T13:04:51","modified_gmt":"2020-03-23T12:04:51","slug":"coronavirus-morto-dirigente-regionale-il-cordoglio-del-m5s","status":"publish","type":"post","link":"https:\/\/www.messinaoggi.it\/website\/2020\/03\/23\/coronavirus-morto-dirigente-regionale-il-cordoglio-del-m5s\/","title":{"rendered":"Coronavirus, morto dirigente regionale. Il cordoglio del M5S"},"content":{"rendered":"<p style=\"text-align: justify;\">Morto a causa del Coronavirus il dirigente regionale Calogero Rizzuto: l&#8217;uomo era ricoverato alla Rianimazione dell&#8217;ospedale di Siracusa da qualche giorno.<div id=\"div-gpt-ad-Messinaoggi.it-DSK-300x250-corpoart\" style=\"text-align:center;margin:0 auto;\"><\/div><\/p>\n<p class=\"p3\" style=\"text-align: justify;\"><span class=\"s1\">\u201cCi uniamo al dolore della famiglia, degli amici e dei colleghi per la grave perdita di Calogero Rizzuto, presidente del Parco archeologico di Siracusa e gi\u00e0 soprintendente ai Beni culturali di Ragusa. Il vuoto che lascia \u00e8 purtroppo reso ancor pi\u00f9 drammatico dalle circostanze della sofferenza che lo ha avvolto negli ultimi giorni. Lo ricordiamo per i tanti anni di impegno e dedizione spesi in favore delle istituzioni culturali siciliane\u201d.\u00a0<\/span><div id=\"videoincontent\" style=\"clear:both\";><\/div><\/p>\n<p class=\"p3\" style=\"text-align: justify;\"><span class=\"s1\">Lo dicono i deputati del gruppo parlamentare M5S all\u2019Assemblea regionale siciliana.\u00a0<\/span><\/p>\n<p class=\"p11\">\n","protected":false},"excerpt":{"rendered":"<p>Morto a causa del Coronavirus il dirigente regionale Calogero Rizzuto: l&#8217;uomo era ricoverato alla Rianimazione dell&#8217;ospedale di Siracusa da qualche giorno. \u201cCi uniamo al dolore della famiglia, degli amici e dei colleghi per la grave perdita di Calogero Rizzuto, presidente del Parco archeologico di Siracusa e gi\u00e0 soprintendente ai Beni culturali di Ragusa. Il vuoto [&hellip;]<\/p>\n","protected":false},"author":2,"featured_media":12060,"comment_status":"closed","ping_status":"closed","sticky":false,"template":"","format":"standard","meta":{"ub_ctt_via":"","_mi_skip_tracking":false},"categories":[11],"tags":[],"featured_image_src":"https:\/\/www.messinaoggi.it\/website\/wp-content\/uploads\/2017\/11\/palazzo-dei-normanni-sede-Ars-Palermo-messinaoggiMR.jpg","author_info":{"display_name":"Redazione","author_link":"https:\/\/www.messinaoggi.it\/website\/author\/redazione\/"},"digistream_id":0,"digistream":false,"_links":{"self":[{"href":"https:\/\/www.messinaoggi.it\/website\/wp-json\/wp\/v2\/posts\/41569"}],"collection":[{"href":"https:\/\/www.messinaoggi.it\/website\/wp-json\/wp\/v2\/posts"}],"about":[{"href":"https:\/\/www.messinaoggi.it\/website\/wp-json\/wp\/v2\/types\/post"}],"author":[{"embeddable":true,"href":"https:\/\/www.messinaoggi.it\/website\/wp-json\/wp\/v2\/users\/2"}],"replies":[{"embeddable":true,"href":"https:\/\/www.messinaoggi.it\/website\/wp-json\/wp\/v2\/comments?post=41569"}],"version-history":[{"count":0,"href":"https:\/\/www.messinaoggi.it\/website\/wp-json\/wp\/v2\/posts\/41569\/revisions"}],"wp:featuredmedia":[{"embeddable":true,"href":"https:\/\/www.messinaoggi.it\/website\/wp-json\/wp\/v2\/media\/12060"}],"wp:attachment":[{"href":"https:\/\/www.messinaoggi.it\/website\/wp-json\/wp\/v2\/media?parent=41569"}],"wp:term":[{"taxonomy":"category","embeddable":true,"href":"https:\/\/www.messinaoggi.it\/website\/wp-json\/wp\/v2\/categories?post=41569"},{"taxonomy":"post_tag","embeddable":true,"href":"https:\/\/www.messinaoggi.it\/website\/wp-json\/wp\/v2\/tags?post=41569"}],"curies":[{"name":"wp","href":"https:\/\/api.w.org\/{rel}","templated":true}]}}