{"id":41510,"date":"2020-03-21T16:09:45","date_gmt":"2020-03-21T15:09:45","guid":{"rendered":"https:\/\/www.messinaoggi.it\/website\/?p=41510"},"modified":"2020-03-21T16:09:45","modified_gmt":"2020-03-21T15:09:45","slug":"piemonte-positivo-al-covid-19-un-infermiere-del-pronto-soccorso","status":"publish","type":"post","link":"https:\/\/www.messinaoggi.it\/website\/2020\/03\/21\/piemonte-positivo-al-covid-19-un-infermiere-del-pronto-soccorso\/","title":{"rendered":"Piemonte, positivo al Covid-19 un infermiere del Pronto Soccorso"},"content":{"rendered":"<p>Contagiato anche un infermiere in servizio al Pronto soccorso dell&#8217;ospedale Piemonte: la conferma s&#8217;\u00e8 avuta nel pomeriggio dopo che ieri l&#8217;uomo \u00e8 stato sottoposto a tampone. L&#8217;infermiere \u00e8 stato gi\u00e0 ricoverato al &#8220;Covid Hospital&#8221; del Policlinico, attrezzato per fare fronte all&#8217;emergenza Coronavirus.<br \/>\nDopo il caso della paziente infettata al reparto Rianimazione, si tratta del secondo caso al Piemonte di Messina. Ovviamente \u00e8 scattato il protocollo di sicurezza nel nosocomio messinese con interventi di sanificazione degli ambienti. Saranno sottoposti a tampone i dipendenti del Piemonte che hanno lavorato a stretto contatto con l&#8217;infermiere contagiato.<br \/>\nC&#8217;\u00e8 il timore, adesso, che possa aprirsi un nuovo fronte dell&#8217;emergenza Coronavirus, dopo quelli del Neurolesi di contrada Casazza e della Casa di riposo per anziani del centro citt\u00e0. Intanto, sale il numero dei contagiati a Messina, il dato ufficiale della Protezione civile regionale fa registrare pi\u00f9 del doppio dei casi rispetto alla giornata di ieri.<div id=\"div-gpt-ad-Messinaoggi.it-DSK-300x250-corpoart\" style=\"text-align:center;margin:0 auto;\"><\/div><\/p>\n<div id=\"videoincontent\" style=\"clear:both\";><\/div>","protected":false},"excerpt":{"rendered":"<p>Contagiato anche un infermiere in servizio al Pronto soccorso dell&#8217;ospedale Piemonte: la conferma s&#8217;\u00e8 avuta nel pomeriggio dopo che ieri l&#8217;uomo \u00e8 stato sottoposto a tampone. L&#8217;infermiere \u00e8 stato gi\u00e0 ricoverato al &#8220;Covid Hospital&#8221; del Policlinico, attrezzato per fare fronte all&#8217;emergenza Coronavirus. Dopo il caso della paziente infettata al reparto Rianimazione, si tratta del secondo [&hellip;]<\/p>\n","protected":false},"author":2,"featured_media":10299,"comment_status":"closed","ping_status":"closed","sticky":false,"template":"","format":"standard","meta":{"ub_ctt_via":"","_mi_skip_tracking":false},"categories":[221,19],"tags":[],"featured_image_src":"https:\/\/www.messinaoggi.it\/website\/wp-content\/uploads\/2017\/10\/Irccs-Piemonte-ingresso-carrabile-pronto-soccorso-messinaoggiMarcyR.jpg","author_info":{"display_name":"Redazione","author_link":"https:\/\/www.messinaoggi.it\/website\/author\/redazione\/"},"digistream_id":0,"digistream":false,"_links":{"self":[{"href":"https:\/\/www.messinaoggi.it\/website\/wp-json\/wp\/v2\/posts\/41510"}],"collection":[{"href":"https:\/\/www.messinaoggi.it\/website\/wp-json\/wp\/v2\/posts"}],"about":[{"href":"https:\/\/www.messinaoggi.it\/website\/wp-json\/wp\/v2\/types\/post"}],"author":[{"embeddable":true,"href":"https:\/\/www.messinaoggi.it\/website\/wp-json\/wp\/v2\/users\/2"}],"replies":[{"embeddable":true,"href":"https:\/\/www.messinaoggi.it\/website\/wp-json\/wp\/v2\/comments?post=41510"}],"version-history":[{"count":0,"href":"https:\/\/www.messinaoggi.it\/website\/wp-json\/wp\/v2\/posts\/41510\/revisions"}],"wp:featuredmedia":[{"embeddable":true,"href":"https:\/\/www.messinaoggi.it\/website\/wp-json\/wp\/v2\/media\/10299"}],"wp:attachment":[{"href":"https:\/\/www.messinaoggi.it\/website\/wp-json\/wp\/v2\/media?parent=41510"}],"wp:term":[{"taxonomy":"category","embeddable":true,"href":"https:\/\/www.messinaoggi.it\/website\/wp-json\/wp\/v2\/categories?post=41510"},{"taxonomy":"post_tag","embeddable":true,"href":"https:\/\/www.messinaoggi.it\/website\/wp-json\/wp\/v2\/tags?post=41510"}],"curies":[{"name":"wp","href":"https:\/\/api.w.org\/{rel}","templated":true}]}}