{"id":4140,"date":"2017-07-05T23:08:00","date_gmt":"2017-07-05T21:08:00","guid":{"rendered":"http:\/\/www.messinaoggi.it\/website\/?p=4140"},"modified":"2017-07-05T23:08:00","modified_gmt":"2017-07-05T21:08:00","slug":"difesa-peloritani-da-incendi-comparse-alla-badiazza-sentinelle-di-venti-caldi","status":"publish","type":"post","link":"https:\/\/www.messinaoggi.it\/website\/2017\/07\/05\/difesa-peloritani-da-incendi-comparse-alla-badiazza-sentinelle-di-venti-caldi\/","title":{"rendered":"Difesa Peloritani da incendi, comparse alla Badiazza sentinelle di venti caldi"},"content":{"rendered":"<p style=\"text-align: justify\">Le associazioni che amano la montagna si sono fuse per fare rete con la volont\u00e0 di tutelare i Monti Peloritani dalla continua minaccia del terrorismo ambientale e di <strong>precorrere con proposte di programmazione i venti caldi, in particolare, della terza decade di luglio \u201cconosciuti e molto apprezzati dai Terroristi incendiari\u201d<\/strong>. E\u2019 stato questo l&#8217;argomento che si \u00e8 ampiamente discusso nell&#8217;incontro intitolato &#8220;Difendiamo i Peloritani&#8221;, svoltosi nella monumentale chiesa di Santa Maria della Valle &#8220;Badiazza&#8221;.<div id=\"div-gpt-ad-Messinaoggi.it-DSK-300x250-corpoart\" style=\"text-align:center;margin:0 auto;\"><\/div><\/p>\n<p style=\"text-align: justify\">Il <strong>presidente dell\u2019associazione \u201cIl Centauro\u201d, Matteo Allone, ha dichiarato: &#8220;Non si pu\u00f2 assistere inermi alla distruzione della fauna e della flora, pianificata con annuale strategica determinazione dagli incendiari o meglio dai terroristi dell&#8217;ambiente.<\/strong>\u00a0Oggi, abbiamo espresso i nostri pensieri, abbiamo dialogato e cercato di \u00a0capire come difendere al meglio i Peloritani, ci saranno dei prossimi incontri in cui cercheremo di coinvolgere altre Associazioni, che vivono e amano i Peloritani per allargare la base. La location della Badiazza \u00e8 stata scelta perch\u00e9 anche l&#8217;antico monumento nei secoli scorsi ha subito un violento incendio ed anche perch\u00e9 oggi \u00e8 considerata la storica porta dei Peloritani, che si apre alla via Francigena&#8221;.<div id=\"videoincontent\" style=\"clear:both\";><\/div><\/p>\n<p style=\"text-align: justify\">L&#8217;evento, moderato dal giornalista Domenico Interdonato, \u00e8 stato organizzato dall&#8217;Associazione &#8220;Il Centauro Onlus&#8221;, con il patrocinio della Regione Sicilia e del Dipartimento Regionale Aziende Foreste Demaniali di Messina. Il Prefetto di Messina impossibilitato a partecipare ha inviato un suo messaggio di congratulazioni e di saluto. <strong>Presenti i rappresentanti di oltre trenta Associazioni che hanno la passione e vivono i Monti Peloritani, sportivi o amanti della natura che per vari motivi usufruiscono della bellezza dei nostri Monti e colline, giunti al convegno per portare un il loro contributo e attratti dal fare rete per diventare sentinelle ambientali.<\/strong><\/p>\n<p style=\"text-align: justify\">Presenti l&#8217;assessore del Comune di Messina Sebastiano Pino con delega alla Protezione Civile, il vicecomandante dei Vigili del Fuoco di Messina Nunzio Venuti, \u00a0Antonino Lo Dico Ispettore Ripartimentale delle Foreste di Messina, Giovanni Cavallaro dell&#8217;Azienda Foreste di Messina, \u00a0don Giovanni Lombardo attento cultore della bellezza dei nostri Monti, Mario Sarica del Museo dei Peloritani, Saro Visicaro figura di spicco del volontariato messinese, Paolo Mazza (Don Minicu) storica sentinella dei Peloritani e tanti altri rappresentanti di Associazioni e singoli cittadini, che a vario titolo amano e frequentano i Peloritani.<\/p>\n<p style=\"text-align: justify\">Tanti gli argomenti trattati, che hanno prodotto un dibattito vivace e costruttivo, si \u00e8 parlato delle stragi sfiorate degli ultimi tre incendi: quello di Patti, Calamona e Taormina che ha lambito pericolosamente l&#8217;autostrada Messina Catania, tenuta colpevolmente in condizioni disastrose con la vegetazione, che in alcuni casi sporge oltre la linea bianca che delimita la carreggiata. Stragi sfiorate grazie al pronto intervento dei soccorritori, ma che hanno creato il panico e un forte senso di impotenza, davanti a questo ostinato rito tribale degli incendi estivi nelle giornate ventose.<\/p>\n<p style=\"text-align: justify\"><strong>Si \u00e8 parlato di diffondere a tutti il messaggio che la Protezione Civile invia alle autorit\u00e0 e alle Forze dell&#8217;Ordine, in occasione delle giornate ventose estive, alla stessa maniera del periodo invernale<\/strong> e della creazione di una pagina social curata dai comuni dove mettere tutti gli avvisi alla cittadinanza. Si \u00e8 capito che ci vuole una maggiore coordinazione, che inizi a maggio per evitare di arrivare troppo tardi, considerando le micro aree come quella dello stretto di Messina, che \u00e8 soggetta a una maggiore instabilit\u00e0 e a continui mutamenti.<\/p>\n","protected":false},"excerpt":{"rendered":"<p>Le associazioni che amano la montagna si sono fuse per fare rete con la volont\u00e0 di tutelare i Monti Peloritani dalla continua minaccia del terrorismo ambientale e di precorrere con proposte di programmazione i venti caldi, in particolare, della terza decade di luglio \u201cconosciuti e molto apprezzati dai Terroristi incendiari\u201d. E\u2019 stato questo l&#8217;argomento che [&hellip;]<\/p>\n","protected":false},"author":7,"featured_media":4141,"comment_status":"closed","ping_status":"open","sticky":false,"template":"","format":"standard","meta":{"ub_ctt_via":"","_mi_skip_tracking":false},"categories":[5],"tags":[],"featured_image_src":"https:\/\/www.messinaoggi.it\/website\/wp-content\/uploads\/2017\/07\/SENTINELLE-DEI-PELORITANI-01-2.jpg","author_info":{"display_name":"Redazione1","author_link":"https:\/\/www.messinaoggi.it\/website\/author\/redazione1\/"},"digistream_id":0,"digistream":false,"_links":{"self":[{"href":"https:\/\/www.messinaoggi.it\/website\/wp-json\/wp\/v2\/posts\/4140"}],"collection":[{"href":"https:\/\/www.messinaoggi.it\/website\/wp-json\/wp\/v2\/posts"}],"about":[{"href":"https:\/\/www.messinaoggi.it\/website\/wp-json\/wp\/v2\/types\/post"}],"author":[{"embeddable":true,"href":"https:\/\/www.messinaoggi.it\/website\/wp-json\/wp\/v2\/users\/7"}],"replies":[{"embeddable":true,"href":"https:\/\/www.messinaoggi.it\/website\/wp-json\/wp\/v2\/comments?post=4140"}],"version-history":[{"count":0,"href":"https:\/\/www.messinaoggi.it\/website\/wp-json\/wp\/v2\/posts\/4140\/revisions"}],"wp:featuredmedia":[{"embeddable":true,"href":"https:\/\/www.messinaoggi.it\/website\/wp-json\/wp\/v2\/media\/4141"}],"wp:attachment":[{"href":"https:\/\/www.messinaoggi.it\/website\/wp-json\/wp\/v2\/media?parent=4140"}],"wp:term":[{"taxonomy":"category","embeddable":true,"href":"https:\/\/www.messinaoggi.it\/website\/wp-json\/wp\/v2\/categories?post=4140"},{"taxonomy":"post_tag","embeddable":true,"href":"https:\/\/www.messinaoggi.it\/website\/wp-json\/wp\/v2\/tags?post=4140"}],"curies":[{"name":"wp","href":"https:\/\/api.w.org\/{rel}","templated":true}]}}