{"id":41360,"date":"2020-03-17T18:51:05","date_gmt":"2020-03-17T17:51:05","guid":{"rendered":"https:\/\/www.messinaoggi.it\/website\/?p=41360"},"modified":"2020-03-17T18:51:05","modified_gmt":"2020-03-17T17:51:05","slug":"ultimora-trovato-positivo-anche-un-degente-del-neurolesi","status":"publish","type":"post","link":"https:\/\/www.messinaoggi.it\/website\/2020\/03\/17\/ultimora-trovato-positivo-anche-un-degente-del-neurolesi\/","title":{"rendered":"Trovato positivo anche un degente del Neurolesi"},"content":{"rendered":"<p style=\"text-align: justify;\">Un degente del Neurolesi \u00e8 risultato positivo al Coronavirus. Si tratta di un uomo di 49 anni, proveniente da Palermo, ricoverato alla struttura sanitaria di contrada Casazza dallo scorso 20 febbraio. Da qualche giorno, il paziente accusava uno stato febbrile e per questo motivo la direzione sanitaria ha deciso di sottoporlo al tampone.<div id=\"div-gpt-ad-Messinaoggi.it-DSK-300x250-corpoart\" style=\"text-align:center;margin:0 auto;\"><\/div><\/p>\n<p style=\"text-align: justify;\">Un caso che ha fatto accendere la spia rossa all&#8217;Irccs dove sono stati attivati tutti i protocolli di sicurezza: sono stati informati i sanitari della struttura, i quali dovranno essere sottoposti a tampone e messi in quarantena. Stesso trattamento per i familiari dell&#8217;uomo che \u00e8 stato trasferito nella citt\u00e0 dello Stretto. Si tratta di un caso di cui si parler\u00e0 a livello nazionale e del quale sono stati avvisate le autorit\u00e0 sanitarie nazionali.<div id=\"videoincontent\" style=\"clear:both\";><\/div><\/p>\n<p style=\"text-align: justify;\">L&#8217;uomo \u00e8 ricoverato a Messina dal 20 febbraio, data antecedente allo scoppio dei focolai al Nord. Le autorit\u00e0 a questo punto devono accertare come l&#8217;uomo abbia contratto il virus e soprattutto chi lo ha veicolato. E&#8217; stato contagiato da familiari o da qualche operatore sanitario?<\/p>\n<p> <\/p>\n","protected":false},"excerpt":{"rendered":"<p>Un degente del Neurolesi \u00e8 risultato positivo al Coronavirus. Si tratta di un uomo di 49 anni, proveniente da Palermo, ricoverato alla struttura sanitaria di contrada Casazza dallo scorso 20 febbraio. Da qualche giorno, il paziente accusava uno stato febbrile e per questo motivo la direzione sanitaria ha deciso di sottoporlo al tampone. Un caso [&hellip;]<\/p>\n","protected":false},"author":2,"featured_media":41361,"comment_status":"closed","ping_status":"closed","sticky":false,"template":"","format":"standard","meta":{"ub_ctt_via":"","_mi_skip_tracking":false},"categories":[221,19],"tags":[],"featured_image_src":"https:\/\/www.messinaoggi.it\/website\/wp-content\/uploads\/2020\/03\/foto-_terapia-subintensiva_Spallanzani.jpg","author_info":{"display_name":"Redazione","author_link":"https:\/\/www.messinaoggi.it\/website\/author\/redazione\/"},"digistream_id":0,"digistream":false,"_links":{"self":[{"href":"https:\/\/www.messinaoggi.it\/website\/wp-json\/wp\/v2\/posts\/41360"}],"collection":[{"href":"https:\/\/www.messinaoggi.it\/website\/wp-json\/wp\/v2\/posts"}],"about":[{"href":"https:\/\/www.messinaoggi.it\/website\/wp-json\/wp\/v2\/types\/post"}],"author":[{"embeddable":true,"href":"https:\/\/www.messinaoggi.it\/website\/wp-json\/wp\/v2\/users\/2"}],"replies":[{"embeddable":true,"href":"https:\/\/www.messinaoggi.it\/website\/wp-json\/wp\/v2\/comments?post=41360"}],"version-history":[{"count":0,"href":"https:\/\/www.messinaoggi.it\/website\/wp-json\/wp\/v2\/posts\/41360\/revisions"}],"wp:featuredmedia":[{"embeddable":true,"href":"https:\/\/www.messinaoggi.it\/website\/wp-json\/wp\/v2\/media\/41361"}],"wp:attachment":[{"href":"https:\/\/www.messinaoggi.it\/website\/wp-json\/wp\/v2\/media?parent=41360"}],"wp:term":[{"taxonomy":"category","embeddable":true,"href":"https:\/\/www.messinaoggi.it\/website\/wp-json\/wp\/v2\/categories?post=41360"},{"taxonomy":"post_tag","embeddable":true,"href":"https:\/\/www.messinaoggi.it\/website\/wp-json\/wp\/v2\/tags?post=41360"}],"curies":[{"name":"wp","href":"https:\/\/api.w.org\/{rel}","templated":true}]}}