{"id":41302,"date":"2020-03-16T16:44:28","date_gmt":"2020-03-16T15:44:28","guid":{"rendered":"https:\/\/www.messinaoggi.it\/website\/?p=41302"},"modified":"2020-03-16T16:44:28","modified_gmt":"2020-03-16T15:44:28","slug":"messinese-positivo-al-tampone-era-rientrato-dalla-neve-con-una-comitiva","status":"publish","type":"post","link":"https:\/\/www.messinaoggi.it\/website\/2020\/03\/16\/messinese-positivo-al-tampone-era-rientrato-dalla-neve-con-una-comitiva\/","title":{"rendered":"Messinese positivo al tampone, era rientrato dalla neve con una comitiva"},"content":{"rendered":"<p style=\"text-align: justify;\">Un messinese risulta contagiato al primo test effettuato al Papardo.<div id=\"div-gpt-ad-Messinaoggi.it-DSK-300x250-corpoart\" style=\"text-align:center;margin:0 auto;\"><\/div><\/p>\n<p style=\"text-align: justify;\">L\u2019uomo \u00e8 rientrato da 9 giorni cin citt\u00e0 dalla settimana bianca a Madonna di Campiglio. Adesso si trova in ospedale.<div id=\"videoincontent\" style=\"clear:both\";><\/div><\/p>\n<p style=\"text-align: justify;\">\u00c8 scattato il dispositivo di controllo e sicurezza da parte della autorit\u00e0 sanitarie per rintracciare i compagni di viaggio, a quanto pare tutti messinesi, per sottoporre loro e i rispettivi familIari a quarantena.<\/p>\n<p style=\"text-align: justify;\">La comitiva era composta da professionisti e noti imprenditori messinesi. Molti di loro al rientro &#8211; trapela da alcuni conoscenti &#8211; si sarebbero messi in quarantena volontaria il giorno del rientro, in maniera responsabile.<\/p>\n<p style=\"text-align: justify;\">Da notare che la partenza della comitiva da Messina \u00e8 avvenuta a fine febbraio, quando erano scoppiato i primi focolai al Nord, ma nonostante questo il gruppo \u00e8 partito lo stesso per non rinunciare alla settimana bianca.<\/p>\n<p style=\"text-align: justify;\">A quale prezzo viene da chiedersi?<\/p>\n","protected":false},"excerpt":{"rendered":"<p>Un messinese risulta contagiato al primo test effettuato al Papardo. L\u2019uomo \u00e8 rientrato da 9 giorni cin citt\u00e0 dalla settimana bianca a Madonna di Campiglio. Adesso si trova in ospedale. \u00c8 scattato il dispositivo di controllo e sicurezza da parte della autorit\u00e0 sanitarie per rintracciare i compagni di viaggio, a quanto pare tutti messinesi, per [&hellip;]<\/p>\n","protected":false},"author":2,"featured_media":4079,"comment_status":"closed","ping_status":"closed","sticky":false,"template":"","format":"standard","meta":{"ub_ctt_via":"","_mi_skip_tracking":false},"categories":[221,19],"tags":[],"featured_image_src":"https:\/\/www.messinaoggi.it\/website\/wp-content\/uploads\/2017\/07\/Papardo_Pronto-Soccorso_messinaoggiMR-2.jpg","author_info":{"display_name":"Redazione","author_link":"https:\/\/www.messinaoggi.it\/website\/author\/redazione\/"},"digistream_id":0,"digistream":false,"_links":{"self":[{"href":"https:\/\/www.messinaoggi.it\/website\/wp-json\/wp\/v2\/posts\/41302"}],"collection":[{"href":"https:\/\/www.messinaoggi.it\/website\/wp-json\/wp\/v2\/posts"}],"about":[{"href":"https:\/\/www.messinaoggi.it\/website\/wp-json\/wp\/v2\/types\/post"}],"author":[{"embeddable":true,"href":"https:\/\/www.messinaoggi.it\/website\/wp-json\/wp\/v2\/users\/2"}],"replies":[{"embeddable":true,"href":"https:\/\/www.messinaoggi.it\/website\/wp-json\/wp\/v2\/comments?post=41302"}],"version-history":[{"count":0,"href":"https:\/\/www.messinaoggi.it\/website\/wp-json\/wp\/v2\/posts\/41302\/revisions"}],"wp:featuredmedia":[{"embeddable":true,"href":"https:\/\/www.messinaoggi.it\/website\/wp-json\/wp\/v2\/media\/4079"}],"wp:attachment":[{"href":"https:\/\/www.messinaoggi.it\/website\/wp-json\/wp\/v2\/media?parent=41302"}],"wp:term":[{"taxonomy":"category","embeddable":true,"href":"https:\/\/www.messinaoggi.it\/website\/wp-json\/wp\/v2\/categories?post=41302"},{"taxonomy":"post_tag","embeddable":true,"href":"https:\/\/www.messinaoggi.it\/website\/wp-json\/wp\/v2\/tags?post=41302"}],"curies":[{"name":"wp","href":"https:\/\/api.w.org\/{rel}","templated":true}]}}