{"id":41197,"date":"2020-03-13T20:39:47","date_gmt":"2020-03-13T19:39:47","guid":{"rendered":"https:\/\/www.messinaoggi.it\/website\/?p=41197"},"modified":"2020-03-13T20:39:47","modified_gmt":"2020-03-13T19:39:47","slug":"de-luca-adesso-basta-con-le-castronerie-intervenga-subito-il-prefetto-librizzi","status":"publish","type":"post","link":"https:\/\/www.messinaoggi.it\/website\/2020\/03\/13\/de-luca-adesso-basta-con-le-castronerie-intervenga-subito-il-prefetto-librizzi\/","title":{"rendered":"De Luca, adesso basta con le castronerie. Intervenga subito il prefetto Librizzi"},"content":{"rendered":"<p style=\"text-align: justify;\">La misura adesso \u00e8 colma. Il sindaco di Messina ha tenuto la terza diretta Fb per contribuire ad alimentare una grande confusione e soprattutto generare panico. Proprio quello di cui la citt\u00e0 non ha bisogno.<div id=\"div-gpt-ad-Messinaoggi.it-DSK-300x250-corpoart\" style=\"text-align:center;margin:0 auto;\"><\/div><\/p>\n<p style=\"text-align: justify;\">Assurgere al ruolo del \u201c<em>Supereroe<\/em>\u201d non \u00e8 contemplato nelle prerogative istituzionali. Cos\u00ec come non \u00e8 previsto che possa emettere ordinanze che contrastino con disposizioni governative nazionali. Prova ne sia che ha dovuto revocare l\u2019ordinanza del \u201c<strong>coprifuoco<\/strong>\u201d, su invito del prefetto.<div id=\"videoincontent\" style=\"clear:both\";><\/div><\/p>\n<p style=\"text-align: justify;\">De Luca per\u00f2 insiste e sulla base della indicazioni derivanti da un \u201c<em>comitato scientifico<\/em>\u201d improvvisato, s\u2019inventa prescrizioni che hanno solo l\u2019effetto contrario rispetto a quello che dovrebbe essere (il condizionale \u00e8 d\u2019obbligo), il principio cardine: ovvero salvaguardare la salute dei cittadini. Un richiamo all\u2019articolo 5 della Costituzione \u00e8 d\u2019uopo, tenuto conto che \u201cLa Repubblica \u00e8 una e indivisibile\u201d. Trasformare Messina nella \u201cRepubblica delle Banane\u201d per volont\u00e0 di un sindaco, \u00e8 un atto decisamente contrario alla Costituzione e per questo il prefetto di Messina cominci ad adottare le misure necessarie.<\/p>\n<p style=\"text-align: justify;\">Andiamo al contenuto dell\u2019ordinanza annunciato su Fb e che generer\u00e0 panico e confusione fra i cittadini. Secondo il suo dire (di De Luca), da quando entrer\u00e0 in vigore l\u2019ordinanza i supermercati e gli esercizi commerciali potranno rimanere aperti dalle <strong>7 alle 17<\/strong>. Riducendo l\u2019orario di apertura aumenter\u00e0 la concentrazione degli acquirenti: questo lo capisce anche un bimbo di 5 anni. Si pensi ai disagi che ne deriveranno per chi lavora fino alle 17 e non pu\u00f2 certamente approvvigionarsi.<\/p>\n<p style=\"text-align: justify;\">Gli altri esercizi commerciali e gli artigiani dovranno abbassare le serrande alle <strong>15<\/strong>. Roba da matti, direbbe qualcuno. Anche qui, si restringono i tempi e si favoriscono gli assembramenti.<\/p>\n<p style=\"text-align: justify;\">Insomma, De Luca sbaglia tutto e lo fa nella consapevolezza di fare solo \u201cammuina\u201d\u2026.<\/p>\n<p style=\"text-align: right;\"><strong>Davide Gambale<\/strong><\/p>\n","protected":false},"excerpt":{"rendered":"<p>La misura adesso \u00e8 colma. Il sindaco di Messina ha tenuto la terza diretta Fb per contribuire ad alimentare una grande confusione e soprattutto generare panico. Proprio quello di cui la citt\u00e0 non ha bisogno. Assurgere al ruolo del \u201cSupereroe\u201d non \u00e8 contemplato nelle prerogative istituzionali. Cos\u00ec come non \u00e8 previsto che possa emettere ordinanze [&hellip;]<\/p>\n","protected":false},"author":2,"featured_media":41198,"comment_status":"closed","ping_status":"closed","sticky":false,"template":"","format":"standard","meta":{"ub_ctt_via":"","_mi_skip_tracking":false},"categories":[19],"tags":[],"featured_image_src":"https:\/\/www.messinaoggi.it\/website\/wp-content\/uploads\/2020\/03\/CC2348A7-83D9-4B6F-903B-D810070472AB.jpeg","author_info":{"display_name":"Redazione","author_link":"https:\/\/www.messinaoggi.it\/website\/author\/redazione\/"},"digistream_id":0,"digistream":false,"_links":{"self":[{"href":"https:\/\/www.messinaoggi.it\/website\/wp-json\/wp\/v2\/posts\/41197"}],"collection":[{"href":"https:\/\/www.messinaoggi.it\/website\/wp-json\/wp\/v2\/posts"}],"about":[{"href":"https:\/\/www.messinaoggi.it\/website\/wp-json\/wp\/v2\/types\/post"}],"author":[{"embeddable":true,"href":"https:\/\/www.messinaoggi.it\/website\/wp-json\/wp\/v2\/users\/2"}],"replies":[{"embeddable":true,"href":"https:\/\/www.messinaoggi.it\/website\/wp-json\/wp\/v2\/comments?post=41197"}],"version-history":[{"count":0,"href":"https:\/\/www.messinaoggi.it\/website\/wp-json\/wp\/v2\/posts\/41197\/revisions"}],"wp:featuredmedia":[{"embeddable":true,"href":"https:\/\/www.messinaoggi.it\/website\/wp-json\/wp\/v2\/media\/41198"}],"wp:attachment":[{"href":"https:\/\/www.messinaoggi.it\/website\/wp-json\/wp\/v2\/media?parent=41197"}],"wp:term":[{"taxonomy":"category","embeddable":true,"href":"https:\/\/www.messinaoggi.it\/website\/wp-json\/wp\/v2\/categories?post=41197"},{"taxonomy":"post_tag","embeddable":true,"href":"https:\/\/www.messinaoggi.it\/website\/wp-json\/wp\/v2\/tags?post=41197"}],"curies":[{"name":"wp","href":"https:\/\/api.w.org\/{rel}","templated":true}]}}