{"id":41184,"date":"2020-03-13T18:39:48","date_gmt":"2020-03-13T17:39:48","guid":{"rendered":"https:\/\/www.messinaoggi.it\/website\/?p=41184"},"modified":"2020-03-13T18:39:48","modified_gmt":"2020-03-13T17:39:48","slug":"coronavirus-venerdi-nero-in-italia-250-morti","status":"publish","type":"post","link":"https:\/\/www.messinaoggi.it\/website\/2020\/03\/13\/coronavirus-venerdi-nero-in-italia-250-morti\/","title":{"rendered":"Coronavirus: venerd\u00ec nero in Italia, 250 morti"},"content":{"rendered":"<p>Pi\u00f9 di duemila contagi in appena 24 ore. A dare conto dei nuovi malati \u00e8 la Protezione civile, nel punto quotidiano sull&#8217;emergenza Covid-19 che in Italia vede crescere i pazienti positivi a\u00a0 14.955. I decessi sono 250, per un totale di 1.266. I guariti e dimessi sono 1.439 Totali (+181 rispetto a ieri).<br \/>\nIn totale sono 17.660 i casi di contagio registrati nel Paese dall&#8217;inizio dell&#8217;epidemia. I ricoverati in terapia intensiva per coronavirus sono 1328 e 7426 i ricoverati con sintomi. Ad oggi 6.201 persone si trovano in isolamento domiciliare fiduciario.<br \/>\n&#8220;I dati sulla mortalit\u00e0 si vanno approfondendo con le cartelle cliniche dei deceduti: i pazienti morti con il coronavirus hanno una media di oltre 80 anni, 80,3; le donne sono solo il 25,8%.<br \/>\nL&#8217;et\u00e0 media dei deceduti \u00e8 molto pi\u00f9 alta degli altri positivi. Il picco di mortalit\u00e0 c&#8217;\u00e8 tra 80-89 anni.<br \/>\nLa letalit\u00e0, ossia il numero di morti tra gli ammalati, \u00e8 pi\u00f9 elevata tra gli over 80&#8221;, ha precisato Silvio Brusaferro dell&#8217;Istituto superiore di sanit\u00e0 (Iss).<br \/>\nIn Italia sono 1266 i morti, due dei quali in Sicilia, mentre sono 1439 le persone guarite.<div id=\"div-gpt-ad-Messinaoggi.it-DSK-300x250-corpoart\" style=\"text-align:center;margin:0 auto;\"><\/div><\/p>\n<div id=\"videoincontent\" style=\"clear:both\";><\/div>","protected":false},"excerpt":{"rendered":"<p>Pi\u00f9 di duemila contagi in appena 24 ore. A dare conto dei nuovi malati \u00e8 la Protezione civile, nel punto quotidiano sull&#8217;emergenza Covid-19 che in Italia vede crescere i pazienti positivi a\u00a0 14.955. I decessi sono 250, per un totale di 1.266. I guariti e dimessi sono 1.439 Totali (+181 rispetto a ieri). In totale [&hellip;]<\/p>\n","protected":false},"author":4,"featured_media":40850,"comment_status":"closed","ping_status":"closed","sticky":false,"template":"","format":"standard","meta":{"ub_ctt_via":"","_mi_skip_tracking":false},"categories":[6],"tags":[],"featured_image_src":"https:\/\/www.messinaoggi.it\/website\/wp-content\/uploads\/2020\/03\/20200302_101416-scaled-1.jpg","author_info":{"display_name":"redme","author_link":"https:\/\/www.messinaoggi.it\/website\/author\/redme\/"},"digistream_id":0,"digistream":false,"_links":{"self":[{"href":"https:\/\/www.messinaoggi.it\/website\/wp-json\/wp\/v2\/posts\/41184"}],"collection":[{"href":"https:\/\/www.messinaoggi.it\/website\/wp-json\/wp\/v2\/posts"}],"about":[{"href":"https:\/\/www.messinaoggi.it\/website\/wp-json\/wp\/v2\/types\/post"}],"author":[{"embeddable":true,"href":"https:\/\/www.messinaoggi.it\/website\/wp-json\/wp\/v2\/users\/4"}],"replies":[{"embeddable":true,"href":"https:\/\/www.messinaoggi.it\/website\/wp-json\/wp\/v2\/comments?post=41184"}],"version-history":[{"count":0,"href":"https:\/\/www.messinaoggi.it\/website\/wp-json\/wp\/v2\/posts\/41184\/revisions"}],"wp:featuredmedia":[{"embeddable":true,"href":"https:\/\/www.messinaoggi.it\/website\/wp-json\/wp\/v2\/media\/40850"}],"wp:attachment":[{"href":"https:\/\/www.messinaoggi.it\/website\/wp-json\/wp\/v2\/media?parent=41184"}],"wp:term":[{"taxonomy":"category","embeddable":true,"href":"https:\/\/www.messinaoggi.it\/website\/wp-json\/wp\/v2\/categories?post=41184"},{"taxonomy":"post_tag","embeddable":true,"href":"https:\/\/www.messinaoggi.it\/website\/wp-json\/wp\/v2\/tags?post=41184"}],"curies":[{"name":"wp","href":"https:\/\/api.w.org\/{rel}","templated":true}]}}