{"id":41172,"date":"2020-03-13T11:51:52","date_gmt":"2020-03-13T10:51:52","guid":{"rendered":"https:\/\/www.messinaoggi.it\/website\/?p=41172"},"modified":"2020-03-13T11:51:52","modified_gmt":"2020-03-13T10:51:52","slug":"parte-del-policlinico-e-il-cutroni-zodda-di-barcellona-trasformati-in-covid-hospital","status":"publish","type":"post","link":"https:\/\/www.messinaoggi.it\/website\/2020\/03\/13\/parte-del-policlinico-e-il-cutroni-zodda-di-barcellona-trasformati-in-covid-hospital\/","title":{"rendered":"Parte del Policlinico e il &quot;Cutroni-Zodda&quot; di Barcellona trasformati in &quot;Covid-Hospital&quot;"},"content":{"rendered":"<p>La provincia di Messina si attrezza per fronteggiare un eventuale picco di ricoveri di soggetti contagiati da coronavirus: la giunta regionale riunitasi ieri, fra le altre misure urgenti disposte su proposta dell&#8217;assessore Ruggero Razza, ha autorizzato un&#8217;ala del Policlinico \u201cG. Martino\u201d di Messina e l&#8217;ospedale \u201cCutroni Zodda\u201d di Barcellona Pozzo di Gotto gestito dall&#8217;Asp messinese per essere utilizzati come &#8220;Covid-Hospital&#8221;, ovvero ospedali specializzati per fronteggiare l&#8217;emergenza da contagio diffuso.<br \/>\nIl &#8220;Cutroni-Zodda&#8221; \u00e8 gi\u00e0 ospedale di riferimento e di eccellenza per la gestione delle malattie infettive, con otto posti letto che immediatamente saranno portati a 18. \u00c8 stato gi\u00e0 disposto oggi dalla direzione strategica dell&#8217;Asp di Messina il relativo piano operativo che riguarder\u00e0 anche l&#8217;ospedale di Milazzo; nello specifico tutte le attivit\u00e0 sanitarie ordinarie e di emergenza non covid verranno concentrate sull&#8217;ospedale di Milazzo, DEA di I livello nella rete regionale; i reparti ospedalieri dell&#8217;ospedale di Barcellona saranno dedicati per i malati covid-19 e il blocco operatorio verr\u00e0 utilizzato esclusivamente per i posti letto di terapia intensiva covid dedicati, subito ne verranno allestiti due ed entro qualche giorno non appena arrivati i ventilatori, le pompe di infusione e i monitor i posti di terapia intensiva diventeranno sei.<br \/>\nL&#8217;Asp di Messina per meglio fronteggiare l&#8217;emergenza covid-19 ha anche acquistato, grazie anche a delle donazioni ricevute, i caschi di ultima generazione per la terapia ventilatoria non invasiva, che saranno consegnati nei prossimi giorni. Non appena saranno completate tutte le procedure operative all&#8217;ospedale di Barcellona oltre ai 18 posti letti di malattie infettive saranno disponibili 60-70 posti letto dedicati ad assistere i malati da infezione da coronavirus, con la possibilit\u00e0 di terapia rianimatoria e di ventilazione assistita indispensabile per salvare la vita dei malati pi\u00f9 gravi.<div id=\"div-gpt-ad-Messinaoggi.it-DSK-300x250-corpoart\" style=\"text-align:center;margin:0 auto;\"><\/div><\/p>\n<div id=\"videoincontent\" style=\"clear:both\";><\/div>","protected":false},"excerpt":{"rendered":"<p>La provincia di Messina si attrezza per fronteggiare un eventuale picco di ricoveri di soggetti contagiati da coronavirus: la giunta regionale riunitasi ieri, fra le altre misure urgenti disposte su proposta dell&#8217;assessore Ruggero Razza, ha autorizzato un&#8217;ala del Policlinico \u201cG. Martino\u201d di Messina e l&#8217;ospedale \u201cCutroni Zodda\u201d di Barcellona Pozzo di Gotto gestito dall&#8217;Asp messinese [&hellip;]<\/p>\n","protected":false},"author":8,"featured_media":177,"comment_status":"closed","ping_status":"closed","sticky":false,"template":"","format":"standard","meta":{"ub_ctt_via":"","_mi_skip_tracking":false},"categories":[6],"tags":[],"featured_image_src":"https:\/\/www.messinaoggi.it\/website\/wp-content\/uploads\/2017\/05\/PoliclinicoMessina-2.jpg","author_info":{"display_name":"red..me","author_link":"https:\/\/www.messinaoggi.it\/website\/author\/redstage\/"},"digistream_id":0,"digistream":false,"_links":{"self":[{"href":"https:\/\/www.messinaoggi.it\/website\/wp-json\/wp\/v2\/posts\/41172"}],"collection":[{"href":"https:\/\/www.messinaoggi.it\/website\/wp-json\/wp\/v2\/posts"}],"about":[{"href":"https:\/\/www.messinaoggi.it\/website\/wp-json\/wp\/v2\/types\/post"}],"author":[{"embeddable":true,"href":"https:\/\/www.messinaoggi.it\/website\/wp-json\/wp\/v2\/users\/8"}],"replies":[{"embeddable":true,"href":"https:\/\/www.messinaoggi.it\/website\/wp-json\/wp\/v2\/comments?post=41172"}],"version-history":[{"count":0,"href":"https:\/\/www.messinaoggi.it\/website\/wp-json\/wp\/v2\/posts\/41172\/revisions"}],"wp:featuredmedia":[{"embeddable":true,"href":"https:\/\/www.messinaoggi.it\/website\/wp-json\/wp\/v2\/media\/177"}],"wp:attachment":[{"href":"https:\/\/www.messinaoggi.it\/website\/wp-json\/wp\/v2\/media?parent=41172"}],"wp:term":[{"taxonomy":"category","embeddable":true,"href":"https:\/\/www.messinaoggi.it\/website\/wp-json\/wp\/v2\/categories?post=41172"},{"taxonomy":"post_tag","embeddable":true,"href":"https:\/\/www.messinaoggi.it\/website\/wp-json\/wp\/v2\/tags?post=41172"}],"curies":[{"name":"wp","href":"https:\/\/api.w.org\/{rel}","templated":true}]}}