{"id":41169,"date":"2020-03-13T11:25:35","date_gmt":"2020-03-13T10:25:35","guid":{"rendered":"https:\/\/www.messinaoggi.it\/website\/?p=41169"},"modified":"2020-03-13T11:25:35","modified_gmt":"2020-03-13T10:25:35","slug":"coronavirus-sicilia-futura-sospendere-subito-le-ztl","status":"publish","type":"post","link":"https:\/\/www.messinaoggi.it\/website\/2020\/03\/13\/coronavirus-sicilia-futura-sospendere-subito-le-ztl\/","title":{"rendered":"Coronavirus, Sicilia Futura: &quot;Sospendere subito le Ztl&quot;"},"content":{"rendered":"<p>&#8220;Ha fatto bene l&#8217;amministrazione De Luca a recepire le istanze delle associazioni di categoria delle imprese su sgravi fiscali e agevolazioni sui tributi locali, adesso pero l&#8217;Amministrazione emani con urgenza un provvedimento di sospensione della Ztl, cos\u00ec come fatto nelle citt\u00e0 di Palermo e Catania&#8221;. Lo afferma il vicepresidente del Consiglio comunale di Messina, Nino Interdonato, che a nome del gruppo Sicilia Futura ha chiesto al sindaco Cateno De Luca la sospensione immediata del pagamento nei parcheggi blu della Zona a traffico limitato.<br \/>\n&#8220;Non ha senso esporre gli ausiliari a rischi sanitari o oberare cittadini e quei pochi commercianti rimasti ancora in attivit\u00e0 di ulteriori aggravi di spesa. &#8211; ha precisato Interdonato &#8211; La sospensione immediata della Ztl cittadina sarebbe un ulteriore segnale di vicinanza ai cittadini e agli operatori del commercio che soprattutto in queste ore buie devono poter avere il massimo in termini di comfort zone&#8221;.<br \/>\n&#8220;A Catania &#8211; ha concluso l&#8217;esponente di Sicilia Futura &#8211; il sindaco Pogliese ha gi\u00e0 disposto con effetto immediato, e fino al prossimo 25 marzo, la sospensione da noi richiesta e pertanto nella citt\u00e0 etnea si potr\u00e0 parcheggiare liberamente anche sulle strisce blu, senza dover pagare il corrispettivo costo della durata del parcheggio&#8221;.<div id=\"div-gpt-ad-Messinaoggi.it-DSK-300x250-corpoart\" style=\"text-align:center;margin:0 auto;\"><\/div><\/p>\n<div id=\"videoincontent\" style=\"clear:both\";><\/div>","protected":false},"excerpt":{"rendered":"<p>&#8220;Ha fatto bene l&#8217;amministrazione De Luca a recepire le istanze delle associazioni di categoria delle imprese su sgravi fiscali e agevolazioni sui tributi locali, adesso pero l&#8217;Amministrazione emani con urgenza un provvedimento di sospensione della Ztl, cos\u00ec come fatto nelle citt\u00e0 di Palermo e Catania&#8221;. Lo afferma il vicepresidente del Consiglio comunale di Messina, Nino [&hellip;]<\/p>\n","protected":false},"author":8,"featured_media":4931,"comment_status":"closed","ping_status":"closed","sticky":false,"template":"","format":"standard","meta":{"ub_ctt_via":"","_mi_skip_tracking":false},"categories":[4],"tags":[],"featured_image_src":"https:\/\/www.messinaoggi.it\/website\/wp-content\/uploads\/2017\/07\/ztl-messina-cartello-2.jpg","author_info":{"display_name":"red..me","author_link":"https:\/\/www.messinaoggi.it\/website\/author\/redstage\/"},"digistream_id":0,"digistream":false,"_links":{"self":[{"href":"https:\/\/www.messinaoggi.it\/website\/wp-json\/wp\/v2\/posts\/41169"}],"collection":[{"href":"https:\/\/www.messinaoggi.it\/website\/wp-json\/wp\/v2\/posts"}],"about":[{"href":"https:\/\/www.messinaoggi.it\/website\/wp-json\/wp\/v2\/types\/post"}],"author":[{"embeddable":true,"href":"https:\/\/www.messinaoggi.it\/website\/wp-json\/wp\/v2\/users\/8"}],"replies":[{"embeddable":true,"href":"https:\/\/www.messinaoggi.it\/website\/wp-json\/wp\/v2\/comments?post=41169"}],"version-history":[{"count":0,"href":"https:\/\/www.messinaoggi.it\/website\/wp-json\/wp\/v2\/posts\/41169\/revisions"}],"wp:featuredmedia":[{"embeddable":true,"href":"https:\/\/www.messinaoggi.it\/website\/wp-json\/wp\/v2\/media\/4931"}],"wp:attachment":[{"href":"https:\/\/www.messinaoggi.it\/website\/wp-json\/wp\/v2\/media?parent=41169"}],"wp:term":[{"taxonomy":"category","embeddable":true,"href":"https:\/\/www.messinaoggi.it\/website\/wp-json\/wp\/v2\/categories?post=41169"},{"taxonomy":"post_tag","embeddable":true,"href":"https:\/\/www.messinaoggi.it\/website\/wp-json\/wp\/v2\/tags?post=41169"}],"curies":[{"name":"wp","href":"https:\/\/api.w.org\/{rel}","templated":true}]}}