{"id":41134,"date":"2020-03-12T18:32:55","date_gmt":"2020-03-12T17:32:55","guid":{"rendered":"https:\/\/www.messinaoggi.it\/website\/?p=41134"},"modified":"2020-03-12T18:32:55","modified_gmt":"2020-03-12T17:32:55","slug":"coronavirus-asp-avvia-reclutamento-straordinario-di-personale-medico","status":"publish","type":"post","link":"https:\/\/www.messinaoggi.it\/website\/2020\/03\/12\/coronavirus-asp-avvia-reclutamento-straordinario-di-personale-medico\/","title":{"rendered":"Coronavirus, Asp avvia reclutamento straordinario di personale medico"},"content":{"rendered":"<p>L&#8217;Azienda Policlinico\u00a0 di Messina, individuata dalla Regione Sicilia quale referente per conto di tutte le Aziende del Servizio Sanitario Regionale, rende noto che a partire da domani sar\u00e0 avviato un reclutamento straordinario di personale medico. Verr\u00e0 pubblicato un avviso pubblico per la formazione di elenchi di medici disponibili a prestare attivit\u00e0 assistenziale nelle Aziende sanitarie della Regione Sicilia, da impiegare per la gestione dell&#8217;emergenza coronavirus.<br \/>\nI professionisti dovranno presentare la propria manifestazione di interesse e verranno inseriti in appositi elenchi, che l&#8217;A.O.U. Policlinico trasmetter\u00e0 anche alle altre Aziende. Non verr\u00e0 stilata alcuna graduatoria, ma si potr\u00e0 procedere direttamente alla chiamata a seconda delle esigenze delle varie strutture sanitarie. Gli elenchi saranno aggiornati periodicamente.<br \/>\nDurata dell&#8217;incarico (per un massimo di 6 mesi, comunque prorogabili in ragione della durata dell&#8217;emergenza) e impegno orario saranno concordati con le singole aziende. Sono ammessi alla procedura i medici specialisti, gli specializzandi iscritti all&#8217;ultimo e penultimo anno di corso, laureati abilitati all&#8217;esercizio della professione e iscritti agli ord ni professionali, personale medico collocato in quiescenza. L&#8217;avviso \u00e8 aperto anche a medici stranieri, abilitati alla professione secondo i rispettivi ordinamenti di provenienza.<br \/>\nL&#8217;avviso, e le relative modalit\u00e0 di presentazione della domanda, possono essere consultati sul sito internet dell&#8217;Azienda (www.polime.it &#8211; Sezione concorsi), nonch\u00e9 sui siti di tutte le aziende siciliane del Sistema Sanitario Regionale.<div id=\"div-gpt-ad-Messinaoggi.it-DSK-300x250-corpoart\" style=\"text-align:center;margin:0 auto;\"><\/div><\/p>\n<div id=\"videoincontent\" style=\"clear:both\";><\/div>","protected":false},"excerpt":{"rendered":"<p>L&#8217;Azienda Policlinico\u00a0 di Messina, individuata dalla Regione Sicilia quale referente per conto di tutte le Aziende del Servizio Sanitario Regionale, rende noto che a partire da domani sar\u00e0 avviato un reclutamento straordinario di personale medico. Verr\u00e0 pubblicato un avviso pubblico per la formazione di elenchi di medici disponibili a prestare attivit\u00e0 assistenziale nelle Aziende sanitarie [&hellip;]<\/p>\n","protected":false},"author":4,"featured_media":2164,"comment_status":"closed","ping_status":"closed","sticky":false,"template":"","format":"standard","meta":{"ub_ctt_via":"","_mi_skip_tracking":false},"categories":[6],"tags":[],"featured_image_src":"https:\/\/www.messinaoggi.it\/website\/wp-content\/uploads\/2017\/06\/Asp-Messina-2.jpg","author_info":{"display_name":"redme","author_link":"https:\/\/www.messinaoggi.it\/website\/author\/redme\/"},"digistream_id":0,"digistream":false,"_links":{"self":[{"href":"https:\/\/www.messinaoggi.it\/website\/wp-json\/wp\/v2\/posts\/41134"}],"collection":[{"href":"https:\/\/www.messinaoggi.it\/website\/wp-json\/wp\/v2\/posts"}],"about":[{"href":"https:\/\/www.messinaoggi.it\/website\/wp-json\/wp\/v2\/types\/post"}],"author":[{"embeddable":true,"href":"https:\/\/www.messinaoggi.it\/website\/wp-json\/wp\/v2\/users\/4"}],"replies":[{"embeddable":true,"href":"https:\/\/www.messinaoggi.it\/website\/wp-json\/wp\/v2\/comments?post=41134"}],"version-history":[{"count":0,"href":"https:\/\/www.messinaoggi.it\/website\/wp-json\/wp\/v2\/posts\/41134\/revisions"}],"wp:featuredmedia":[{"embeddable":true,"href":"https:\/\/www.messinaoggi.it\/website\/wp-json\/wp\/v2\/media\/2164"}],"wp:attachment":[{"href":"https:\/\/www.messinaoggi.it\/website\/wp-json\/wp\/v2\/media?parent=41134"}],"wp:term":[{"taxonomy":"category","embeddable":true,"href":"https:\/\/www.messinaoggi.it\/website\/wp-json\/wp\/v2\/categories?post=41134"},{"taxonomy":"post_tag","embeddable":true,"href":"https:\/\/www.messinaoggi.it\/website\/wp-json\/wp\/v2\/tags?post=41134"}],"curies":[{"name":"wp","href":"https:\/\/api.w.org\/{rel}","templated":true}]}}