{"id":41132,"date":"2020-03-12T16:15:48","date_gmt":"2020-03-12T15:15:48","guid":{"rendered":"https:\/\/www.messinaoggi.it\/website\/?p=41132"},"modified":"2020-03-12T16:15:48","modified_gmt":"2020-03-12T15:15:48","slug":"coronavirus-ugl-i-privati-effettuano-ancora-interventi","status":"publish","type":"post","link":"https:\/\/www.messinaoggi.it\/website\/2020\/03\/12\/coronavirus-ugl-i-privati-effettuano-ancora-interventi\/","title":{"rendered":"Coronavirus, Ugl: &quot;I privati effettuano ancora interventi&quot;"},"content":{"rendered":"<p class=\"p1\" style=\"text-align: justify;\"><span class=\"s1\">&#8220;Non possiamo pi\u00f9 immaginare un sistema sanitario a doppia velocit\u00e0, dove vi \u00e8 un mancato rispetto nelle normative o una mancata chiarezza delle stesse. Nonostante, infatti, le dichiarazioni dell&#8217;assessore regionale della Salute Ruggero Razza che, con grande senso di responsabilit\u00e0, stamattina ha chiarito quali sono le prestazioni erogabili dal sistema sanitario regionale, comprese anche le strutture convenzionate, ancora oggi riceviamo segnalazioni di centri privati accreditati che effettuano regolarmente interventi gi\u00e0 programmati e comunque differibili, mentre il pubblico gi\u00e0 da qualche giorno si \u00e8 fermato come richiesto dall&#8217;Assessorato vista l&#8217;emergenza in atto. Ci auguriamo che questa non sia una notizia fondata poich\u00e8, diversamente, passerebbe un messaggio non di certo bello in termini assoluti, a partire da quello che vedrebbe le strutture pubbliche non disponibili a lavorare, mentre i privati sono pronti ad accogliere l&#8217;utenza.&#8221;<\/span><div id=\"div-gpt-ad-Messinaoggi.it-DSK-300x250-corpoart\" style=\"text-align:center;margin:0 auto;\"><\/div><\/p>\n<p class=\"p1\" style=\"text-align: justify;\"><span class=\"s1\"> Lo dicono <strong>Carmelo Urz\u00ec<\/strong> e <strong>Raffaele Lanteri<\/strong>, rispettivamente segretari regionali delle federazioni Ugl sanit\u00e0 e Ugl medici, aggiungendo: &#8220;Vogliamo non pensare, invece, che questo sia un modo per approfittare della situazione per incrementare il budget e lasciamo queste illazioni ad altri, ma non possiamo di certo consentire che di fronte ad una pandemia, cos\u00ec come dichiarata dall&#8217;Organizzazione mondiale della sanit\u00e0, operatori sanitari in qualsiasi forma continuino sistematicamente a violare le disposizioni di contenimento. Speriamo, quindi, che l&#8217;Assessorato regionale prenda immediatamente provvedimenti nei confronti di chi eroga prestazioni differibili o, quantomeno, mandi una nota ancor pi\u00f9 esplicativa a tutte le strutture per evidenziare quali e come devono essere le strutture che devono funzionare, e quali no. Infine &#8211; concludono Urz\u00ec e Lanteri &#8211; chiediamo un urgente intervento dell&#8217;assessore a tutela degli operatori del 118, considerato che in molte postazioni (vedi provincia di Palermo) ancora oggi risultano insufficienti i dispositivi di protezione individuali indispensabili per l&#8217;espletamento del servizio. Si sta correndo il rischio che coloro che devono andare a soccorrere, allo stato attuale, non essendo protetti a dovere possono essere immediatamente contagiati.&#8221;<\/span><div id=\"videoincontent\" style=\"clear:both\";><\/div><\/p>\n","protected":false},"excerpt":{"rendered":"<p>&#8220;Non possiamo pi\u00f9 immaginare un sistema sanitario a doppia velocit\u00e0, dove vi \u00e8 un mancato rispetto nelle normative o una mancata chiarezza delle stesse. Nonostante, infatti, le dichiarazioni dell&#8217;assessore regionale della Salute Ruggero Razza che, con grande senso di responsabilit\u00e0, stamattina ha chiarito quali sono le prestazioni erogabili dal sistema sanitario regionale, comprese anche le [&hellip;]<\/p>\n","protected":false},"author":2,"featured_media":39986,"comment_status":"closed","ping_status":"closed","sticky":false,"template":"","format":"standard","meta":{"ub_ctt_via":"","_mi_skip_tracking":false},"categories":[11],"tags":[],"featured_image_src":"https:\/\/www.messinaoggi.it\/website\/wp-content\/uploads\/2020\/01\/IMG-20200126-WA0001-650x366-650x366-1.jpg","author_info":{"display_name":"Redazione","author_link":"https:\/\/www.messinaoggi.it\/website\/author\/redazione\/"},"digistream_id":0,"digistream":false,"_links":{"self":[{"href":"https:\/\/www.messinaoggi.it\/website\/wp-json\/wp\/v2\/posts\/41132"}],"collection":[{"href":"https:\/\/www.messinaoggi.it\/website\/wp-json\/wp\/v2\/posts"}],"about":[{"href":"https:\/\/www.messinaoggi.it\/website\/wp-json\/wp\/v2\/types\/post"}],"author":[{"embeddable":true,"href":"https:\/\/www.messinaoggi.it\/website\/wp-json\/wp\/v2\/users\/2"}],"replies":[{"embeddable":true,"href":"https:\/\/www.messinaoggi.it\/website\/wp-json\/wp\/v2\/comments?post=41132"}],"version-history":[{"count":0,"href":"https:\/\/www.messinaoggi.it\/website\/wp-json\/wp\/v2\/posts\/41132\/revisions"}],"wp:featuredmedia":[{"embeddable":true,"href":"https:\/\/www.messinaoggi.it\/website\/wp-json\/wp\/v2\/media\/39986"}],"wp:attachment":[{"href":"https:\/\/www.messinaoggi.it\/website\/wp-json\/wp\/v2\/media?parent=41132"}],"wp:term":[{"taxonomy":"category","embeddable":true,"href":"https:\/\/www.messinaoggi.it\/website\/wp-json\/wp\/v2\/categories?post=41132"},{"taxonomy":"post_tag","embeddable":true,"href":"https:\/\/www.messinaoggi.it\/website\/wp-json\/wp\/v2\/tags?post=41132"}],"curies":[{"name":"wp","href":"https:\/\/api.w.org\/{rel}","templated":true}]}}