{"id":41079,"date":"2020-03-11T09:54:23","date_gmt":"2020-03-11T08:54:23","guid":{"rendered":"https:\/\/www.messinaoggi.it\/website\/?p=41079"},"modified":"2020-03-11T09:54:23","modified_gmt":"2020-03-11T08:54:23","slug":"coronavirus-ordinanza-shock-coprifuoco-e-chiusura-delle-attivita","status":"publish","type":"post","link":"https:\/\/www.messinaoggi.it\/website\/2020\/03\/11\/coronavirus-ordinanza-shock-coprifuoco-e-chiusura-delle-attivita\/","title":{"rendered":"Coronavirus, ordinanza shock: coprifuoco e chiusura delle attivit\u00e0"},"content":{"rendered":"<p style=\"text-align: justify\">Il sindaco Cateno De Luca ha annunciato in un suo post su Facebook di essere al lavoro su un\u2019ordinanza sindacale per contrastare il coronavirus, con la quale con molta probabilit\u00e0 verr\u00e0 imposta la chiusura di tutte le attivit\u00e0 per almeno tre settimane, fatta eccezione di farmacie e supermercati. A tal fine, verr\u00e0 imposto a tutti i cittadini il coprifuoco: sar\u00e0 assolutamente vietato uscire dalle proprie abitazioni. \u201cStiamo preparando l\u2019ordinanza che vieta a tutti di uscire dalle proprie abitazioni. &#8211; spiega De Luca &#8211; Sar\u00e0 prevista la chiusura di tutte le attivit\u00e0, pubbliche e private sino al 3 aprile. Resteranno aperte solo le attivit\u00e0 per l\u2019approvvigionamento dei generi di prima necessit\u00e0. Ci sar\u00e0 un piano per il controllo del territorio. La situazione emergenziale necessita di prese di posizione decise, per qualcuno impopolari. Chi vuole \u00e8 libero di impugnarle, prendendosi le consequenziali responsabilit\u00e0\u201d.<div id=\"div-gpt-ad-Messinaoggi.it-DSK-300x250-corpoart\" style=\"text-align:center;margin:0 auto;\"><\/div><\/p>\n<p style=\"text-align: justify\">Si tratta di una scelta drastica per far fronte a una situazione drammatica. Infatti, stando ai numeri riportati dal primo cittadino, nel Messinese vi sarebbero soltanto 10 posti letto in rianimazione; in Sicilia ammonterebbero invece ad appena 70. Un numero troppo esiguo, che rischierebbe di far collassare il servizio sanitario regionale semmai dovesse scoppiare un\u2019epidemia delle proporzioni del nord Italia. <span style=\"color: black\">\u201cSe le Regioni del centro-nord sono in emergenza, pur avendo dal punto di vista sanitario strutture all\u2019avanguardia \u2013 continua il primo cittadino \u2013 qui al Sud l\u2019aumento del contagio sarebbe una tragedia annunciata. Da mie riservate notizie, in tutta la provincia di Messina ci sono appena 10 posti letto disponibili in rianimazione; in Sicilia saranno 70 in tutto. Ma anche se fossero 150 rispetto al rischio di una pandemia nel nostro territorio, cosa succederebbe? Attendo che qualcuno mi smentisca\u201d. <\/span><div id=\"videoincontent\" style=\"clear:both\";><\/div><\/p>\n<p style=\"text-align: justify\"><span style=\"color: black\">\u201cVolete capirlo che qui l\u2019aumento della diffusione del virus sarebbe una tragedia annunciata? <\/span>Statevene a casa ed evitate di prendere o diffondere il coronavirus!\u201d, conclude il sindaco.<\/p>\n","protected":false},"excerpt":{"rendered":"<p>Il sindaco Cateno De Luca ha annunciato in un suo post su Facebook di essere al lavoro su un\u2019ordinanza sindacale per contrastare il coronavirus, con la quale con molta probabilit\u00e0 verr\u00e0 imposta la chiusura di tutte le attivit\u00e0 per almeno tre settimane, fatta eccezione di farmacie e supermercati. A tal fine, verr\u00e0 imposto a tutti [&hellip;]<\/p>\n","protected":false},"author":8,"featured_media":41081,"comment_status":"closed","ping_status":"closed","sticky":false,"template":"","format":"standard","meta":{"ub_ctt_via":"","_mi_skip_tracking":false},"categories":[6],"tags":[],"featured_image_src":"https:\/\/www.messinaoggi.it\/website\/wp-content\/uploads\/2020\/03\/cateno-de-luca-con-mascherina.jpg","author_info":{"display_name":"red..me","author_link":"https:\/\/www.messinaoggi.it\/website\/author\/redstage\/"},"digistream_id":0,"digistream":false,"_links":{"self":[{"href":"https:\/\/www.messinaoggi.it\/website\/wp-json\/wp\/v2\/posts\/41079"}],"collection":[{"href":"https:\/\/www.messinaoggi.it\/website\/wp-json\/wp\/v2\/posts"}],"about":[{"href":"https:\/\/www.messinaoggi.it\/website\/wp-json\/wp\/v2\/types\/post"}],"author":[{"embeddable":true,"href":"https:\/\/www.messinaoggi.it\/website\/wp-json\/wp\/v2\/users\/8"}],"replies":[{"embeddable":true,"href":"https:\/\/www.messinaoggi.it\/website\/wp-json\/wp\/v2\/comments?post=41079"}],"version-history":[{"count":0,"href":"https:\/\/www.messinaoggi.it\/website\/wp-json\/wp\/v2\/posts\/41079\/revisions"}],"wp:featuredmedia":[{"embeddable":true,"href":"https:\/\/www.messinaoggi.it\/website\/wp-json\/wp\/v2\/media\/41081"}],"wp:attachment":[{"href":"https:\/\/www.messinaoggi.it\/website\/wp-json\/wp\/v2\/media?parent=41079"}],"wp:term":[{"taxonomy":"category","embeddable":true,"href":"https:\/\/www.messinaoggi.it\/website\/wp-json\/wp\/v2\/categories?post=41079"},{"taxonomy":"post_tag","embeddable":true,"href":"https:\/\/www.messinaoggi.it\/website\/wp-json\/wp\/v2\/tags?post=41079"}],"curies":[{"name":"wp","href":"https:\/\/api.w.org\/{rel}","templated":true}]}}