{"id":41048,"date":"2020-03-10T10:23:31","date_gmt":"2020-03-10T09:23:31","guid":{"rendered":"https:\/\/www.messinaoggi.it\/website\/?p=41048"},"modified":"2020-03-10T10:23:31","modified_gmt":"2020-03-10T09:23:31","slug":"coronavirus-santoro-pmi-sicilia-servono-misure-concrete-di-aiuto-ai-commercianti-come-il-congelamento-degli-affitti","status":"publish","type":"post","link":"https:\/\/www.messinaoggi.it\/website\/2020\/03\/10\/coronavirus-santoro-pmi-sicilia-servono-misure-concrete-di-aiuto-ai-commercianti-come-il-congelamento-degli-affitti\/","title":{"rendered":"Coronavirus, Santoro (Pmi Sicilia): &quot;Servono misure concrete di aiuto ai commercianti come il congelamento degli affitti&quot;"},"content":{"rendered":"<p style=\"text-align: justify;\">L\u2019emergenza Coronarvirus sta mettendo in ginocchio le imprese messinesi e sta colpendo soprattutto il commercio, per questo motivo <strong>Lino Amante Santoro<\/strong>, delegato provinciale di <strong>Pmi Sicilia<\/strong> chiede alle istituzioni misure concrete di sostegno alle imprese.<div id=\"div-gpt-ad-Messinaoggi.it-DSK-300x250-corpoart\" style=\"text-align:center;margin:0 auto;\"><\/div><\/p>\n<p style=\"text-align: justify;\">\u201cAl di l\u00e0 delle fantasiose proposte di alcuni rappresentanti delle locali associazioni di categoria che chiedono il rinvio del pagamento dei tributi locali come <strong>Cosap<\/strong> e <strong>Tari<\/strong>, a mio avviso le istituzioni preposte dovrebbero proporre misure concrete di sostegno alle imprese, strozzate in questo momento storico dagli affitti dei locali commerciali diventati insostenibili. Da imprenditore che vive sul campo questa terribile crisi, chiedo che venga disposto un meccanismo tale da consentire ai titolari di attivit\u00e0 commerciali di congelare il pagamento degli affitti fino a quando non si avr\u00e0 un ritorno alla normalit\u00e0, magari mediante incentivi o agevolazioni ai proprietari degli immobili. Di fronte ad un evidente calo delle vendite che si traduce in mancati incassi ci troviamo di fronte al dilemma se pagare gli affitti, spesso salati, o procedere al licenziamento dei dipendenti. Il sindaco di Messina si faccia promotore di questa istanza che a mio avviso rappresenta una concreta misura di sostegno all\u2019impresa in crisi. Lasciano il tempo che trovano le altre proposte provenienti da chi cronicamente non pagano i tributi locali o non gestisce alcun tipo di attivit\u00e0 commerciale. Non voglio polemizzare con alcuno, ma ritengo sia questa la strada da seguire per consentire a noi imprenditori di superare indenni questo momento\u201d.<div id=\"videoincontent\" style=\"clear:both\";><\/div><\/p>\n<p style=\"text-align: justify;\">Cos\u00ec, <strong>Lino Santoro Amante<\/strong>, delegato provinciale di Pmi Sicilia e presidente dell\u2019associazione dei commercianti \u201cMessina Incentro\u201d.<\/p>\n<p style=\"text-align: justify;\">\n","protected":false},"excerpt":{"rendered":"<p>L\u2019emergenza Coronarvirus sta mettendo in ginocchio le imprese messinesi e sta colpendo soprattutto il commercio, per questo motivo Lino Amante Santoro, delegato provinciale di Pmi Sicilia chiede alle istituzioni misure concrete di sostegno alle imprese. \u201cAl di l\u00e0 delle fantasiose proposte di alcuni rappresentanti delle locali associazioni di categoria che chiedono il rinvio del pagamento [&hellip;]<\/p>\n","protected":false},"author":2,"featured_media":37153,"comment_status":"closed","ping_status":"closed","sticky":false,"template":"","format":"standard","meta":{"ub_ctt_via":"","_mi_skip_tracking":false},"categories":[6],"tags":[],"featured_image_src":"https:\/\/www.messinaoggi.it\/website\/wp-content\/uploads\/2019\/09\/A7E26DD3-4ED4-466A-9A3A-1948FC06B30A-e1743833765292.jpeg","author_info":{"display_name":"Redazione","author_link":"https:\/\/www.messinaoggi.it\/website\/author\/redazione\/"},"digistream_id":0,"digistream":false,"_links":{"self":[{"href":"https:\/\/www.messinaoggi.it\/website\/wp-json\/wp\/v2\/posts\/41048"}],"collection":[{"href":"https:\/\/www.messinaoggi.it\/website\/wp-json\/wp\/v2\/posts"}],"about":[{"href":"https:\/\/www.messinaoggi.it\/website\/wp-json\/wp\/v2\/types\/post"}],"author":[{"embeddable":true,"href":"https:\/\/www.messinaoggi.it\/website\/wp-json\/wp\/v2\/users\/2"}],"replies":[{"embeddable":true,"href":"https:\/\/www.messinaoggi.it\/website\/wp-json\/wp\/v2\/comments?post=41048"}],"version-history":[{"count":0,"href":"https:\/\/www.messinaoggi.it\/website\/wp-json\/wp\/v2\/posts\/41048\/revisions"}],"wp:featuredmedia":[{"embeddable":true,"href":"https:\/\/www.messinaoggi.it\/website\/wp-json\/wp\/v2\/media\/37153"}],"wp:attachment":[{"href":"https:\/\/www.messinaoggi.it\/website\/wp-json\/wp\/v2\/media?parent=41048"}],"wp:term":[{"taxonomy":"category","embeddable":true,"href":"https:\/\/www.messinaoggi.it\/website\/wp-json\/wp\/v2\/categories?post=41048"},{"taxonomy":"post_tag","embeddable":true,"href":"https:\/\/www.messinaoggi.it\/website\/wp-json\/wp\/v2\/tags?post=41048"}],"curies":[{"name":"wp","href":"https:\/\/api.w.org\/{rel}","templated":true}]}}