{"id":41040,"date":"2020-03-10T01:49:18","date_gmt":"2020-03-10T00:49:18","guid":{"rendered":"https:\/\/www.messinaoggi.it\/website\/?p=41040"},"modified":"2020-03-10T01:49:18","modified_gmt":"2020-03-10T00:49:18","slug":"acr-messina-continua-lo-stillicidio-billa-e-ipsaro-passione-lasciano-i-rispettivi-incarichi-societari","status":"publish","type":"post","link":"https:\/\/www.messinaoggi.it\/website\/2020\/03\/10\/acr-messina-continua-lo-stillicidio-billa-e-ipsaro-passione-lasciano-i-rispettivi-incarichi-societari\/","title":{"rendered":"ACR Messina: continua lo stillicidio, Billa e Ipsaro Passione lasciano i rispettivi incarichi societari"},"content":{"rendered":"<p style=\"text-align: justify\">Ancora una volta l&#8217;ACR Messina perde pezzi in corso d&#8217;opera. Altri due tasselli del mosaico rassegnano le dimissioni e lasciano il sodalizio del presidente Sciotto che, siamo certi, vanta il guinnes dei primati tra le societ\u00e0 sportive che pi\u00f9 hanno cambiato volto in questa stagione.<div id=\"div-gpt-ad-Messinaoggi.it-DSK-300x250-corpoart\" style=\"text-align:center;margin:0 auto;\"><\/div><\/p>\n<p style=\"text-align: justify\">La societ\u00e0 ACR Messina, con una breve nota diramata alla stampa, ha comunicato che il responsabile comunicazione e dei progetti speciali, Andrea Ipsaro Passione e l&#8217;addetto stampa, Davide Billa, hanno presentato le dimissioni e lasciato i rispettivi incarichi all&#8217;interno della societ\u00e0 Acr Messina.<div id=\"videoincontent\" style=\"clear:both\";><\/div><\/p>\n<p style=\"text-align: justify\">Che dire&#8230;lo stillicidio sta diventando emorragia.<\/p>\n<p style=\"text-align: justify\">\n","protected":false},"excerpt":{"rendered":"<p>Ancora una volta l&#8217;ACR Messina perde pezzi in corso d&#8217;opera. Altri due tasselli del mosaico rassegnano le dimissioni e lasciano il sodalizio del presidente Sciotto che, siamo certi, vanta il guinnes dei primati tra le societ\u00e0 sportive che pi\u00f9 hanno cambiato volto in questa stagione. La societ\u00e0 ACR Messina, con una breve nota diramata alla [&hellip;]<\/p>\n","protected":false},"author":17,"featured_media":41041,"comment_status":"closed","ping_status":"closed","sticky":false,"template":"","format":"standard","meta":{"ub_ctt_via":"","_mi_skip_tracking":false},"categories":[10,9],"tags":[24,218,219],"featured_image_src":"https:\/\/www.messinaoggi.it\/website\/wp-content\/uploads\/2020\/03\/davide-Billa-acr-messina.jpg","author_info":{"display_name":"Giuseppe Luppino","author_link":"https:\/\/www.messinaoggi.it\/website\/author\/g-luppino\/"},"digistream_id":0,"digistream":false,"_links":{"self":[{"href":"https:\/\/www.messinaoggi.it\/website\/wp-json\/wp\/v2\/posts\/41040"}],"collection":[{"href":"https:\/\/www.messinaoggi.it\/website\/wp-json\/wp\/v2\/posts"}],"about":[{"href":"https:\/\/www.messinaoggi.it\/website\/wp-json\/wp\/v2\/types\/post"}],"author":[{"embeddable":true,"href":"https:\/\/www.messinaoggi.it\/website\/wp-json\/wp\/v2\/users\/17"}],"replies":[{"embeddable":true,"href":"https:\/\/www.messinaoggi.it\/website\/wp-json\/wp\/v2\/comments?post=41040"}],"version-history":[{"count":0,"href":"https:\/\/www.messinaoggi.it\/website\/wp-json\/wp\/v2\/posts\/41040\/revisions"}],"wp:featuredmedia":[{"embeddable":true,"href":"https:\/\/www.messinaoggi.it\/website\/wp-json\/wp\/v2\/media\/41041"}],"wp:attachment":[{"href":"https:\/\/www.messinaoggi.it\/website\/wp-json\/wp\/v2\/media?parent=41040"}],"wp:term":[{"taxonomy":"category","embeddable":true,"href":"https:\/\/www.messinaoggi.it\/website\/wp-json\/wp\/v2\/categories?post=41040"},{"taxonomy":"post_tag","embeddable":true,"href":"https:\/\/www.messinaoggi.it\/website\/wp-json\/wp\/v2\/tags?post=41040"}],"curies":[{"name":"wp","href":"https:\/\/api.w.org\/{rel}","templated":true}]}}