{"id":41030,"date":"2020-03-10T14:50:56","date_gmt":"2020-03-10T13:50:56","guid":{"rendered":"https:\/\/www.messinaoggi.it\/website\/?p=41030"},"modified":"2020-03-10T14:50:56","modified_gmt":"2020-03-10T13:50:56","slug":"coronavirus-lallarme-della-uil-personale-demergenza-senza-mascherine-e-disinfettanti","status":"publish","type":"post","link":"https:\/\/www.messinaoggi.it\/website\/2020\/03\/10\/coronavirus-lallarme-della-uil-personale-demergenza-senza-mascherine-e-disinfettanti\/","title":{"rendered":"Coronavirus, l&#039;allarme della Uil: &quot;Personale d&#039;emergenza senza mascherine e disinfettanti&quot;"},"content":{"rendered":"<p style=\"text-align: justify;\">10\u201cLa scrivente organizzazione sindacale \u00e8 fortemente preoccupata per i mancati adempimenti da parte del Management dell\u2019ASP di Messina in merito a talune gravi inadempienze meglio di seguito precisate in merito alla gravissima emergenza del COVID-19. Si rammenta che gi\u00e0 molte aziende spedaliere e territoriali nazionali hanno adottato misure drastiche per meglio controllare la diffusione del contagio da COVID-19\u201d.<div id=\"div-gpt-ad-Messinaoggi.it-DSK-300x250-corpoart\" style=\"text-align:center;margin:0 auto;\"><\/div><\/p>\n<p style=\"text-align: justify;\">Lo scrivono in una nota congiunta Ivan Tripodi, Pippo Calapai e Mario Macr\u00ec, rispettivamente segretario generale Uil Messia, segretario generale e coordinatore provinciale area medica Uil-Fpl. Il documento di denuncia \u00e8 indirizzato al direttore generale dell\u2019Asp di Messina e per conoscenza all\u2019assessorato regionale alla Salute.<div id=\"videoincontent\" style=\"clear:both\";><\/div><\/p>\n<p style=\"text-align: justify;\">\u201cInfatti, i lavoratori sono stati dotati di DPI (dispositivi protezione individuale) come: mascherine FFP2\/FFP3, camici monouso, calzari, visiere, soluzioni gel disinfettanti lavamani e quant\u2019altro necessario alla prevenzione del contagio. Inoltre, sono stati adottati provvedimenti in merito alla sospensione delle attivit\u00e0 sanitarie di ricovero ordinario programmato, delle attivit\u00e0 ambulatoriali non urgenti\/medico-legali, dell\u2019attivit\u00e0 ALPI, delle attivit\u00e0 di autorizzazione e dispensazione di ausili e presidi, il tutto al fine di evitare un massiccio afflusso di utenza alle diverse strutture sanitarie ed ridurre quanto pi\u00f9 possibile contatti con gli Operatori interessati. Negli ospedali \u00e8 stato regolamentato l\u2019accesso dei familiari dei degenti, con eccezioni per i casi particolari. I PSG (Pronto soccorso generali) hanno adottato specifiche procedure sia per il personale sanitario che per l\u2019utenza, individuando percorsi di accesso specifici, facilmente identificabili, al fine di consentire un distinto accesso degli utenti con sospetta infezione da COVID-19 ed evitare un probabile contagio degli altri utenti presenti al PSG. Le stesse Aziende hanno provveduto con mezzi propri all\u2019attivit\u00e0 di lavanderia per l\u2019igienizzazione del vestiario da lavoro dei dipendenti che risulta del tutto assente per i dipendenti delle strutture sanitarie territoriali e, pertanto, sono costretti loro malgrado a provvedere personalmente alla igienizzazione del vestiario da lavoro, esponendo le loro famiglie a possibili rischi.<\/p>\n<p style=\"text-align: justify;\">Ci\u00f2 premesso, la scrivente Organizzazione Sindacale \u00e8 costretta rappresentare alla S.V. che molte delle precauzioni sopracitate non sono state applicate da codesta Amministrazione.<\/p>\n<p style=\"text-align: justify;\">Infatti, sono del tutto insufficienti i DPI messi a disposizione per i lavoratori sia ospedalieri che territoriali e la mascherina non rappresenta l\u2019unico presidio atto a impedire il probabile contagio.<\/p>\n<p style=\"text-align: justify;\">Gli Operatori del Triage, nonch\u00e9 i medici del PPI che rappresentano il primo filtro con l\u2019utenza, non sono provvisti di adeguati dispostivi DPI.<\/p>\n<p style=\"text-align: justify;\">Gli Operatori in servizio presso gli ambulatori, a stretto contatto con numerosi utenti, a tutt\u2019oggi sono sprovvisti degli indispensabili dispostivi DPI come ad es. le visiere.<\/p>\n<p style=\"text-align: justify;\">A tutt\u2019oggi non sono state emanate specifiche direttive circa il comportamento da adottare nel caso di utente con sospetto contagio da COVID-19. Pertanto, al fine di rasserenare i lavoratori, e rivolgere la massima attenzione sanitaria, a tale gravissima problematica, che ha sconvolto l\u2019intero Paese, la scrivente Organizzazione Sindacale chiede alla S.S. l\u2019immediata sospensione delle attivit\u00e0 dei ricoveri ordinari e programmati, oltre che delle attivit\u00e0 ambulatoriali gi\u00e0 previste dalla recente Circolare Assessoriale del 09\/03\/2020, di regolamentare l\u2019accesso agli uffici aperti al pubblico per quelle prestazioni ritenute indifferibili ed urgenti, di fare rispettare le limitazioni orarie e le modalit\u00e0 per l\u2019accesso dei familiari dei degenti, di intensificare i processi di pulizia e sanificazione di tutti gli ambienti di lavoro ospedalieri ed extraospedalieri, di dotare gli spazi adibiti per l\u2019accoglienza dell\u2019utenza di gel disinfettante lavamani, di potenziare con urgenza il servizio di lavanderia per la sanificazione del vestiario da lavoro nei presidi ospedalieri e territoriali.<\/p>\n<p style=\"text-align: justify;\">Chiede, inoltre, di avviare con urgenza procedure di reclutamento, anche in via straordinaria cos\u00ec come previsto dalle annunciazioni del Governo Nazionale, di personale medico e del comparto necessario ad affrontare l\u2019emergenza COVID-19, di aumentare i posti letto di terapia intensiva, pneumologia e malattie infettive e di procedere con urgenza all\u2019acquisto di un congruo numero di ventilatori meccanici.<\/p>\n<p style=\"text-align: justify;\">Auspichiamo che l\u2019inadeguatezza di codesto management aziendale non crei danni ai lavoratori e ai cittadini\/utenti\u201d.<\/p>\n","protected":false},"excerpt":{"rendered":"<p>10\u201cLa scrivente organizzazione sindacale \u00e8 fortemente preoccupata per i mancati adempimenti da parte del Management dell\u2019ASP di Messina in merito a talune gravi inadempienze meglio di seguito precisate in merito alla gravissima emergenza del COVID-19. Si rammenta che gi\u00e0 molte aziende spedaliere e territoriali nazionali hanno adottato misure drastiche per meglio controllare la diffusione del [&hellip;]<\/p>\n","protected":false},"author":2,"featured_media":1992,"comment_status":"closed","ping_status":"closed","sticky":false,"template":"","format":"standard","meta":{"ub_ctt_via":"","_mi_skip_tracking":false},"categories":[6],"tags":[],"featured_image_src":"https:\/\/www.messinaoggi.it\/website\/wp-content\/uploads\/2017\/06\/ambulanza-118-1-2.jpg","author_info":{"display_name":"Redazione","author_link":"https:\/\/www.messinaoggi.it\/website\/author\/redazione\/"},"digistream_id":0,"digistream":false,"_links":{"self":[{"href":"https:\/\/www.messinaoggi.it\/website\/wp-json\/wp\/v2\/posts\/41030"}],"collection":[{"href":"https:\/\/www.messinaoggi.it\/website\/wp-json\/wp\/v2\/posts"}],"about":[{"href":"https:\/\/www.messinaoggi.it\/website\/wp-json\/wp\/v2\/types\/post"}],"author":[{"embeddable":true,"href":"https:\/\/www.messinaoggi.it\/website\/wp-json\/wp\/v2\/users\/2"}],"replies":[{"embeddable":true,"href":"https:\/\/www.messinaoggi.it\/website\/wp-json\/wp\/v2\/comments?post=41030"}],"version-history":[{"count":0,"href":"https:\/\/www.messinaoggi.it\/website\/wp-json\/wp\/v2\/posts\/41030\/revisions"}],"wp:featuredmedia":[{"embeddable":true,"href":"https:\/\/www.messinaoggi.it\/website\/wp-json\/wp\/v2\/media\/1992"}],"wp:attachment":[{"href":"https:\/\/www.messinaoggi.it\/website\/wp-json\/wp\/v2\/media?parent=41030"}],"wp:term":[{"taxonomy":"category","embeddable":true,"href":"https:\/\/www.messinaoggi.it\/website\/wp-json\/wp\/v2\/categories?post=41030"},{"taxonomy":"post_tag","embeddable":true,"href":"https:\/\/www.messinaoggi.it\/website\/wp-json\/wp\/v2\/tags?post=41030"}],"curies":[{"name":"wp","href":"https:\/\/api.w.org\/{rel}","templated":true}]}}