{"id":40968,"date":"2020-03-07T21:01:00","date_gmt":"2020-03-07T20:01:00","guid":{"rendered":"https:\/\/www.messinaoggi.it\/website\/?p=40968"},"modified":"2020-03-07T21:01:00","modified_gmt":"2020-03-07T20:01:00","slug":"coronavirus-musumeci-in-isolamento-dopo-contatti-con-zingaretti","status":"publish","type":"post","link":"https:\/\/www.messinaoggi.it\/website\/2020\/03\/07\/coronavirus-musumeci-in-isolamento-dopo-contatti-con-zingaretti\/","title":{"rendered":"Coronavirus, Musumeci in isolamento dopo contatti con Zingaretti"},"content":{"rendered":"<p>La notizia della positivit\u00e0 del presidente Nicola Zingaretti ha indotto Nello Musumeci a contattare i sanitari, come stabilito dal protocollo. Il governatore siciliano \u00e8 stato seduto accanto a Zingaretti, durante il vertice sul Coronavirus tenutosi a Roma a Palazzo Chigi.<br \/>\nMusumeci non ha alcun sintomo ed \u00e8 in ottima salute, ma ha deciso di rimanere in isolamento volontario a casa propria. Dovr\u00e0 controllare la temperatura corporea due volte al giorno ed effettuare un tampone mercoled\u00ec prossimo.<br \/>\n\u201c\u00c8 una scelta di prudenza doverosa verso gli altri prima ancora che verso me stesso &#8211; ha dichiarato il governatore dell\u2019Isola &#8211; Pazienza. Continuer\u00f2 a coordinare l&#8217;attivit\u00e0 del governo regionale e della macchina amministrativa da casa mediante il contatto telefonico. Non ci possiamo fermare neppure per un giorno!\u201d<div id=\"div-gpt-ad-Messinaoggi.it-DSK-300x250-corpoart\" style=\"text-align:center;margin:0 auto;\"><\/div><\/p>\n<div id=\"videoincontent\" style=\"clear:both\";><\/div>","protected":false},"excerpt":{"rendered":"<p>La notizia della positivit\u00e0 del presidente Nicola Zingaretti ha indotto Nello Musumeci a contattare i sanitari, come stabilito dal protocollo. Il governatore siciliano \u00e8 stato seduto accanto a Zingaretti, durante il vertice sul Coronavirus tenutosi a Roma a Palazzo Chigi. Musumeci non ha alcun sintomo ed \u00e8 in ottima salute, ma ha deciso di rimanere [&hellip;]<\/p>\n","protected":false},"author":4,"featured_media":34355,"comment_status":"closed","ping_status":"closed","sticky":false,"template":"","format":"standard","meta":{"ub_ctt_via":"","_mi_skip_tracking":false},"categories":[6],"tags":[],"featured_image_src":"https:\/\/www.messinaoggi.it\/website\/wp-content\/uploads\/2019\/06\/155EE622-7229-4993-B173-7CE187EA8D9C.jpeg","author_info":{"display_name":"redme","author_link":"https:\/\/www.messinaoggi.it\/website\/author\/redme\/"},"digistream_id":0,"digistream":false,"_links":{"self":[{"href":"https:\/\/www.messinaoggi.it\/website\/wp-json\/wp\/v2\/posts\/40968"}],"collection":[{"href":"https:\/\/www.messinaoggi.it\/website\/wp-json\/wp\/v2\/posts"}],"about":[{"href":"https:\/\/www.messinaoggi.it\/website\/wp-json\/wp\/v2\/types\/post"}],"author":[{"embeddable":true,"href":"https:\/\/www.messinaoggi.it\/website\/wp-json\/wp\/v2\/users\/4"}],"replies":[{"embeddable":true,"href":"https:\/\/www.messinaoggi.it\/website\/wp-json\/wp\/v2\/comments?post=40968"}],"version-history":[{"count":0,"href":"https:\/\/www.messinaoggi.it\/website\/wp-json\/wp\/v2\/posts\/40968\/revisions"}],"wp:featuredmedia":[{"embeddable":true,"href":"https:\/\/www.messinaoggi.it\/website\/wp-json\/wp\/v2\/media\/34355"}],"wp:attachment":[{"href":"https:\/\/www.messinaoggi.it\/website\/wp-json\/wp\/v2\/media?parent=40968"}],"wp:term":[{"taxonomy":"category","embeddable":true,"href":"https:\/\/www.messinaoggi.it\/website\/wp-json\/wp\/v2\/categories?post=40968"},{"taxonomy":"post_tag","embeddable":true,"href":"https:\/\/www.messinaoggi.it\/website\/wp-json\/wp\/v2\/tags?post=40968"}],"curies":[{"name":"wp","href":"https:\/\/api.w.org\/{rel}","templated":true}]}}