{"id":40953,"date":"2020-03-07T16:10:58","date_gmt":"2020-03-07T15:10:58","guid":{"rendered":"https:\/\/www.messinaoggi.it\/website\/?p=40953"},"modified":"2020-03-07T16:10:58","modified_gmt":"2020-03-07T15:10:58","slug":"salvo-fleres-coronavirus-servono-misure-del-governo-regionale-per-le-imprese","status":"publish","type":"post","link":"https:\/\/www.messinaoggi.it\/website\/2020\/03\/07\/salvo-fleres-coronavirus-servono-misure-del-governo-regionale-per-le-imprese\/","title":{"rendered":"Salvo Fleres: &quot;Coronavirus, servono misure del governo regionale per le imprese&quot;"},"content":{"rendered":"<p class=\"p1\"><span class=\"s1\">\u201cServono misure in favore del tessuto economico siciliano e servono immediatamente- dichiara <b>Salvo Fleres<\/b>, portavoce di Unit\u00e0 siciliana-LeApi\u00a0 &#8211; Il governo regionale non sembra interessato a fare nulla che non sia chiudere beni culturali e impedire eventi e manifestazioni, \u00a0decisione \u00a0sensata, ma che guarda solo ad un aspetto del problema coronavirus.<\/span><div id=\"div-gpt-ad-Messinaoggi.it-DSK-300x250-corpoart\" style=\"text-align:center;margin:0 auto;\"><\/div><\/p>\n<p class=\"p1\"><span class=\"s1\">Le nostre imprese di ogni genere stanno soffrendo, Federalberghi comunica flessioni nelle prenotazioni tali da far temere per i livelli occupazionali, i negozi sono vuoti e non ci si venga a dire che l\u2019economia nelle citt\u00e0 siciliane non si \u00e8 fermata perch\u00e9 i ragazzi continuano a frequentare i locali della movida, scelte personali che non spetta a noi giudicare, in assenza di divieti ufficiali.<\/span><div id=\"videoincontent\" style=\"clear:both\";><\/div><\/p>\n<p class=\"p1\"><span class=\"s1\">Bisogna fare in fretta, cominciando con il sospendere i pagamenti delle rate dei mutui che le nostre imprese dovrebbero corrispondere a Ircac, Irfis e Crias.<\/span><\/p>\n<p class=\"p1\"><span class=\"s1\">La giunta regionale richieda inoltre agli\u00a0 Istituti di credito siciliani di adottare\u00a0 provvedimenti di sospensione di mutui e cambiali agrarie \u2013 conclude <b>Fleres<\/b>&#8211; \u00a0azzeri l\u2019aliquota IRAP e trovi il modo di impiegare in lavori alternativi gli addetti alla comunicazione degli alunni disabili \u00a0che, essendo pagati solo se prestano servizio, \u00a0in assenza di lezioni non percepiranno nulla.\u201d<\/span><\/p>\n","protected":false},"excerpt":{"rendered":"<p>\u201cServono misure in favore del tessuto economico siciliano e servono immediatamente- dichiara Salvo Fleres, portavoce di Unit\u00e0 siciliana-LeApi\u00a0 &#8211; Il governo regionale non sembra interessato a fare nulla che non sia chiudere beni culturali e impedire eventi e manifestazioni, \u00a0decisione \u00a0sensata, ma che guarda solo ad un aspetto del problema coronavirus. Le nostre imprese di [&hellip;]<\/p>\n","protected":false},"author":2,"featured_media":40954,"comment_status":"closed","ping_status":"closed","sticky":false,"template":"","format":"standard","meta":{"ub_ctt_via":"","_mi_skip_tracking":false},"categories":[11],"tags":[],"featured_image_src":"https:\/\/www.messinaoggi.it\/website\/wp-content\/uploads\/2020\/03\/image.jpeg","author_info":{"display_name":"Redazione","author_link":"https:\/\/www.messinaoggi.it\/website\/author\/redazione\/"},"digistream_id":0,"digistream":false,"_links":{"self":[{"href":"https:\/\/www.messinaoggi.it\/website\/wp-json\/wp\/v2\/posts\/40953"}],"collection":[{"href":"https:\/\/www.messinaoggi.it\/website\/wp-json\/wp\/v2\/posts"}],"about":[{"href":"https:\/\/www.messinaoggi.it\/website\/wp-json\/wp\/v2\/types\/post"}],"author":[{"embeddable":true,"href":"https:\/\/www.messinaoggi.it\/website\/wp-json\/wp\/v2\/users\/2"}],"replies":[{"embeddable":true,"href":"https:\/\/www.messinaoggi.it\/website\/wp-json\/wp\/v2\/comments?post=40953"}],"version-history":[{"count":0,"href":"https:\/\/www.messinaoggi.it\/website\/wp-json\/wp\/v2\/posts\/40953\/revisions"}],"wp:featuredmedia":[{"embeddable":true,"href":"https:\/\/www.messinaoggi.it\/website\/wp-json\/wp\/v2\/media\/40954"}],"wp:attachment":[{"href":"https:\/\/www.messinaoggi.it\/website\/wp-json\/wp\/v2\/media?parent=40953"}],"wp:term":[{"taxonomy":"category","embeddable":true,"href":"https:\/\/www.messinaoggi.it\/website\/wp-json\/wp\/v2\/categories?post=40953"},{"taxonomy":"post_tag","embeddable":true,"href":"https:\/\/www.messinaoggi.it\/website\/wp-json\/wp\/v2\/tags?post=40953"}],"curies":[{"name":"wp","href":"https:\/\/api.w.org\/{rel}","templated":true}]}}