{"id":40949,"date":"2020-03-07T12:08:21","date_gmt":"2020-03-07T11:08:21","guid":{"rendered":"https:\/\/www.messinaoggi.it\/website\/?p=40949"},"modified":"2020-03-07T12:08:21","modified_gmt":"2020-03-07T11:08:21","slug":"coronavirus-scoperto-un-asilo-aperto-denunciato-il-titolare","status":"publish","type":"post","link":"https:\/\/www.messinaoggi.it\/website\/2020\/03\/07\/coronavirus-scoperto-un-asilo-aperto-denunciato-il-titolare\/","title":{"rendered":"Coronavirus, scoperto un asilo aperto: denunciato il titolare"},"content":{"rendered":"<p>Guai in vista per chi non si attiene alle disposizioni del governo nazionale per contrastare il coronavirus. Il sindaco Cateno De Luca ha reso noto infatti di aver denunciato il titolare di un asilo privato, in quanto stava svolgendo la propria attivit\u00e0 con numerosi bambini all\u2019interno, nonostante il governo Conte abbia disposto recentemente la chiusura di asili, scuole e universit\u00e0 sino al 15 marzo. Il fine di questa stringente misura, com\u2019\u00e8 noto, \u00e8 quello di contenere quanto pi\u00f9 possibile il numero di nuovi contagi da coronavirus.<br \/>\n\u201cAbbiamo appena scoperto un asilo privato che, violando il Decreto del Presidente del Consiglio dei Ministri del 4 marzo 2020, era aperto e stava svolgendo regolarmente la propria attivit\u00e0, con numerosi bambini all\u2019interno. \u2013 spiega De Luca \u2013 La Polizia Specialistica Commerciale, comandata dal commissario Giardina e coordinata dall\u2019assessore Musolino, \u00e8 intervenuta immediatamente chiudendo la struttura, denunciando il titolare e contattando i genitori ai quali sono stati riconsegnati i minori\u201d.<br \/>\n\u201cInvitiamo tutti ad attenersi scrupolosamente alle disposizioni del Decreto e a chiudere tutte le scuole, senza fare interpretazioni fantasiose del decreto. \u2013 conclude il sindaco &#8211; Abbiamo ricevuto ulteriori segnalazioni per le quali stiamo eseguendo ulteriori controlli\u201d.<div id=\"div-gpt-ad-Messinaoggi.it-DSK-300x250-corpoart\" style=\"text-align:center;margin:0 auto;\"><\/div><\/p>\n<div id=\"videoincontent\" style=\"clear:both\";><\/div>","protected":false},"excerpt":{"rendered":"<p>Guai in vista per chi non si attiene alle disposizioni del governo nazionale per contrastare il coronavirus. Il sindaco Cateno De Luca ha reso noto infatti di aver denunciato il titolare di un asilo privato, in quanto stava svolgendo la propria attivit\u00e0 con numerosi bambini all\u2019interno, nonostante il governo Conte abbia disposto recentemente la chiusura [&hellip;]<\/p>\n","protected":false},"author":8,"featured_media":40950,"comment_status":"closed","ping_status":"closed","sticky":false,"template":"","format":"standard","meta":{"ub_ctt_via":"","_mi_skip_tracking":false},"categories":[6],"tags":[],"featured_image_src":"https:\/\/www.messinaoggi.it\/website\/wp-content\/uploads\/2020\/03\/asilo-privato-chiuso-coronavirus.jpg","author_info":{"display_name":"red..me","author_link":"https:\/\/www.messinaoggi.it\/website\/author\/redstage\/"},"digistream_id":0,"digistream":false,"_links":{"self":[{"href":"https:\/\/www.messinaoggi.it\/website\/wp-json\/wp\/v2\/posts\/40949"}],"collection":[{"href":"https:\/\/www.messinaoggi.it\/website\/wp-json\/wp\/v2\/posts"}],"about":[{"href":"https:\/\/www.messinaoggi.it\/website\/wp-json\/wp\/v2\/types\/post"}],"author":[{"embeddable":true,"href":"https:\/\/www.messinaoggi.it\/website\/wp-json\/wp\/v2\/users\/8"}],"replies":[{"embeddable":true,"href":"https:\/\/www.messinaoggi.it\/website\/wp-json\/wp\/v2\/comments?post=40949"}],"version-history":[{"count":0,"href":"https:\/\/www.messinaoggi.it\/website\/wp-json\/wp\/v2\/posts\/40949\/revisions"}],"wp:featuredmedia":[{"embeddable":true,"href":"https:\/\/www.messinaoggi.it\/website\/wp-json\/wp\/v2\/media\/40950"}],"wp:attachment":[{"href":"https:\/\/www.messinaoggi.it\/website\/wp-json\/wp\/v2\/media?parent=40949"}],"wp:term":[{"taxonomy":"category","embeddable":true,"href":"https:\/\/www.messinaoggi.it\/website\/wp-json\/wp\/v2\/categories?post=40949"},{"taxonomy":"post_tag","embeddable":true,"href":"https:\/\/www.messinaoggi.it\/website\/wp-json\/wp\/v2\/tags?post=40949"}],"curies":[{"name":"wp","href":"https:\/\/api.w.org\/{rel}","templated":true}]}}